{"id":4136,"date":"2026-08-31T12:20:17","date_gmt":"2026-08-31T18:20:17","guid":{"rendered":"https:\/\/turismo.campeche.gob.mx\/?p=4136"},"modified":"2026-09-01T12:23:29","modified_gmt":"2026-09-01T18:23:29","slug":"campeche-se-prepara-para-conquistar-el-cielo-con-drones","status":"publish","type":"post","link":"https:\/\/turismo.campeche.gob.mx\/?p=4136","title":{"rendered":"Campeche se prepara para conquistar el cielo con drones"},"content":{"rendered":"\n<p class=\"wp-block-paragraph\">La Secretar\u00eda de Turismo del Estado de Campeche sostuvo una reuni\u00f3n de trabajo con el comit\u00e9 organizador del \ud835\uddd8\ud835\uddfb\ud835\uddf0\ud835\ude02\ud835\uddf2\ud835\uddfb\ud835\ude01\ud835\uddff\ud835\uddfc \ud835\uddf1\ud835\uddf2 \ud835\uddd7\ud835\uddff\ud835\uddfc\ud835\uddfb\ud835\uddf2\ud835\ude00 \u201c\ud835\uddd6\ud835\uddee\ud835\uddfa\ud835\uddfd\ud835\uddf2\ud835\uddf0\ud835\uddf5\ud835\uddf2 \ud835\uddee \ud835\udde7\ud835\uddff\ud835\uddee\ud835\ude03\ud835\uddf2\u0301\ud835\ude00 \ud835\uddf1\ud835\uddf2\ud835\uddf9 \ud835\uddd6\ud835\uddf6\ud835\uddf2\ud835\uddf9\ud835\uddfc\u201d, que se realizar\u00e1 el \ud835\uddfd\ud835\uddff\ud835\uddfc\u0301\ud835\ude05\ud835\uddf6\ud835\uddfa\ud835\uddfc \ud835\udfee\ud835\udff2 \ud835\uddf1\ud835\uddf2 \ud835\ude00\ud835\uddf2\ud835\uddfd\ud835\ude01\ud835\uddf6\ud835\uddf2\ud835\uddfa\ud835\uddef\ud835\uddff\ud835\uddf2, con el objetivo de sumarse a esta iniciativa.<\/p>\n\n\n\n<p class=\"wp-block-paragraph\">Durante la reuni\u00f3n se dialog\u00f3 sobre las oportunidades que representa este evento para proyectar la imagen del destino: el \ud835\uddd6\ud835\uddf2\ud835\uddfb\ud835\ude01\ud835\uddff\ud835\uddfc \ud835\udddb\ud835\uddf6\ud835\ude00\ud835\ude01\ud835\uddfc\u0301\ud835\uddff\ud835\uddf6\ud835\uddf0\ud835\uddfc, \ud835\uddf2\ud835\uddf9 \ud835\uddfa\ud835\uddee\ud835\uddf9\ud835\uddf2\ud835\uddf0\ud835\uddfc\u0301\ud835\uddfb, \ud835\uddf9\ud835\uddee\ud835\ude00 \ud835\uddfd\ud835\uddf9\ud835\uddee\ud835\ude06\ud835\uddee\ud835\ude00 \ud835\ude06 \ud835\uddf9\ud835\uddee \ud835\uddff\ud835\uddf6\ud835\uddfe\ud835\ude02\ud835\uddf2\ud835\ude07\ud835\uddee \ud835\uddf0\ud835\ude02\ud835\uddf9\ud835\ude01\ud835\ude02\ud835\uddff\ud835\uddee\ud835\uddf9 \ud835\uddf1\ud835\uddf2 \ud835\uddd6\ud835\uddee\ud835\uddfa\ud835\uddfd\ud835\uddf2\ud835\uddf0\ud835\uddf5\ud835\uddf2 desde una perspectiva \u00fanica.<\/p>\n\n\n\n<p class=\"wp-block-paragraph\">Reconocemos el trabajo de la comunidad de pilotos y creadores de contenido que impulsan este proyecto \u2014 <a href=\"https:\/\/www.facebook.com\/Regisladronera?__cft__[0]=AZjACUvYwFfASCfyQLk7g48PW4BQfvflMxrrEEV4Q_bjJaUK7p5Ke7lQJ9fHGN7MRtTGcWqg_T3GgTLasMkYfDfphYymgd6khqqZ0lxSNJQJnhs0cS6gLvg3hDuTdUNHgNSvQfWajG41pNlzXbY7B0iChvvoXQMTcGkHXl1uomUAiRHY_ohc67vlT04&amp;__tn__=-]K-R\">Regis La Dronera<\/a> , <a href=\"https:\/\/www.facebook.com\/profile.php?id=61590419914749&amp;__cft__[0]=AZjACUvYwFfASCfyQLk7g48PW4BQfvflMxrrEEV4Q_bjJaUK7p5Ke7lQJ9fHGN7MRtTGcWqg_T3GgTLasMkYfDfphYymgd6khqqZ0lxSNJQJnhs0cS6gLvg3hDuTdUNHgNSvQfWajG41pNlzXbY7B0iChvvoXQMTcGkHXl1uomUAiRHY_ohc67vlT04&amp;__tn__=-]K-R\">Dron Filibustero<\/a> , <a href=\"https:\/\/www.facebook.com\/profile.php?id=61591807101306&amp;__cft__[0]=AZjACUvYwFfASCfyQLk7g48PW4BQfvflMxrrEEV4Q_bjJaUK7p5Ke7lQJ9fHGN7MRtTGcWqg_T3GgTLasMkYfDfphYymgd6khqqZ0lxSNJQJnhs0cS6gLvg3hDuTdUNHgNSvQfWajG41pNlzXbY7B0iChvvoXQMTcGkHXl1uomUAiRHY_ohc67vlT04&amp;__tn__=-]K-R\">Osmarin<\/a> , <a href=\"https:\/\/www.facebook.com\/profile.php?id=61593604688626&amp;__cft__[0]=AZjACUvYwFfASCfyQLk7g48PW4BQfvflMxrrEEV4Q_bjJaUK7p5Ke7lQJ9fHGN7MRtTGcWqg_T3GgTLasMkYfDfphYymgd6khqqZ0lxSNJQJnhs0cS6gLvg3hDuTdUNHgNSvQfWajG41pNlzXbY7B0iChvvoXQMTcGkHXl1uomUAiRHY_ohc67vlT04&amp;__tn__=-]K-R\">GhostFly<\/a> y DuckDron<\/p>\n\n\n\n<figure class=\"wp-block-image size-large\"><img loading=\"lazy\" decoding=\"async\" width=\"1024\" height=\"901\" src=\"https:\/\/turismo.campeche.gob.mx\/wp-content\/uploads\/791660056_1109314024767227_8765350732752911691_n-1024x901.jpg\" alt=\"\" class=\"wp-image-4137\" srcset=\"https:\/\/turismo.campeche.gob.mx\/wp-content\/uploads\/791660056_1109314024767227_8765350732752911691_n-980x862.jpg 980w, https:\/\/turismo.campeche.gob.mx\/wp-content\/uploads\/791660056_1109314024767227_8765350732752911691_n-480x422.jpg 480w\" sizes=\"(min-width: 0px) and (max-width: 480px) 480px, (min-width: 481px) and (max-width: 980px) 980px, (min-width: 981px) 1024px, 100vw\" \/><\/figure>\n","protected":false},"excerpt":{"rendered":"<p>La Secretar\u00eda de Turismo del Estado de Campeche sostuvo una reuni\u00f3n de trabajo con el comit\u00e9 organizador del \ud835\uddd8\ud835\uddfb\ud835\uddf0\ud835\ude02\ud835\uddf2\ud835\uddfb\ud835\ude01\ud835\uddff\ud835\uddfc \ud835\uddf1\ud835\uddf2 \ud835\uddd7\ud835\uddff\ud835\uddfc\ud835\uddfb\ud835\uddf2\ud835\ude00 \u201c\ud835\uddd6\ud835\uddee\ud835\uddfa\ud835\uddfd\ud835\uddf2\ud835\uddf0\ud835\uddf5\ud835\uddf2 \ud835\uddee \ud835\udde7\ud835\uddff\ud835\uddee\ud835\ude03\ud835\uddf2\u0301\ud835\ude00 \ud835\uddf1\ud835\uddf2\ud835\uddf9 \ud835\uddd6\ud835\uddf6\ud835\uddf2\ud835\uddf9\ud835\uddfc\u201d, que se realizar\u00e1 el \ud835\uddfd\ud835\uddff\ud835\uddfc\u0301\ud835\ude05\ud835\uddf6\ud835\uddfa\ud835\uddfc \ud835\udfee\ud835\udff2 \ud835\uddf1\ud835\uddf2 \ud835\ude00\ud835\uddf2\ud835\uddfd\ud835\ude01\ud835\uddf6\ud835\uddf2\ud835\uddfa\ud835\uddef\ud835\uddff\ud835\uddf2, con el objetivo de sumarse a esta iniciativa. Durante la reuni\u00f3n se dialog\u00f3 sobre las oportunidades que representa este evento para [&hellip;]<\/p>\n","protected":false},"author":4,"featured_media":4138,"comment_status":"closed","ping_status":"closed","sticky":false,"template":"","format":"standard","meta":{"_acf_changed":false,"_et_pb_use_builder":"off","_et_pb_old_content":"","_et_gb_content_width":"","inline_featured_image":false,"footnotes":""},"categories":[37],"tags":[],"class_list":["post-4136","post","type-post","status-publish","format-standard","has-post-thumbnail","hentry","category-titular"],"acf":[],"_links":{"self":[{"href":"https:\/\/turismo.campeche.gob.mx\/index.php?rest_route=\/wp\/v2\/posts\/4136","targetHints":{"allow":["GET"]}}],"collection":[{"href":"https:\/\/turismo.campeche.gob.mx\/index.php?rest_route=\/wp\/v2\/posts"}],"about":[{"href":"https:\/\/turismo.campeche.gob.mx\/index.php?rest_route=\/wp\/v2\/types\/post"}],"author":[{"embeddable":true,"href":"https:\/\/turismo.campeche.gob.mx\/index.php?rest_route=\/wp\/v2\/users\/4"}],"replies":[{"embeddable":true,"href":"https:\/\/turismo.campeche.gob.mx\/index.php?rest_route=%2Fwp%2Fv2%2Fcomments&post=4136"}],"version-history":[{"count":1,"href":"https:\/\/turismo.campeche.gob.mx\/index.php?rest_route=\/wp\/v2\/posts\/4136\/revisions"}],"predecessor-version":[{"id":4139,"href":"https:\/\/turismo.campeche.gob.mx\/index.php?rest_route=\/wp\/v2\/posts\/4136\/revisions\/4139"}],"wp:featuredmedia":[{"embeddable":true,"href":"https:\/\/turismo.campeche.gob.mx\/index.php?rest_route=\/wp\/v2\/media\/4138"}],"wp:attachment":[{"href":"https:\/\/turismo.campeche.gob.mx\/index.php?rest_route=%2Fwp%2Fv2%2Fmedia&parent=4136"}],"wp:term":[{"taxonomy":"category","embeddable":true,"href":"https:\/\/turismo.campeche.gob.mx\/index.php?rest_route=%2Fwp%2Fv2%2Fcategories&post=4136"},{"taxonomy":"post_tag","embeddable":true,"href":"https:\/\/turismo.campeche.gob.mx\/index.php?rest_route=%2Fwp%2Fv2%2Ftags&post=4136"}],"curies":[{"name":"wp","href":"https:\/\/api.w.org\/{rel}","templated":true}]}}