{"id":4118,"date":"2026-08-28T12:08:50","date_gmt":"2026-08-28T18:08:50","guid":{"rendered":"https:\/\/turismo.campeche.gob.mx\/?p=4118"},"modified":"2026-09-01T12:10:33","modified_gmt":"2026-09-01T18:10:33","slug":"campeche-se-fortalece-como-destino-de-turismo-cultural-y-artesanal-con-la-realizacion-del-%f0%9d%9f%b0-o-%f0%9d%97%99%f0%9d%97%bc%f0%9d%97%bf%f0%9d%97%bc-%f0%9d%97%a3%f0%9d%97%b2%f0%9d%97%bb","status":"publish","type":"post","link":"https:\/\/turismo.campeche.gob.mx\/?p=4118","title":{"rendered":"Campeche se fortalece como destino de turismo cultural y artesanal con la realizaci\u00f3n del \ud835\udff0.\u00ba \ud835\uddd9\ud835\uddfc\ud835\uddff\ud835\uddfc \ud835\udde3\ud835\uddf2\ud835\uddfb\ud835\uddf6\ud835\uddfb\ud835\ude00\ud835\ude02\ud835\uddf9\ud835\uddee\ud835\uddff \ud835\uddf1\ud835\uddf2 \ud835\uddd4\ud835\uddff\ud835\ude01\ud835\uddf2\ud835\ude00\ud835\uddee\ud835\uddfb\ud835\uddf6\u0301\ud835\uddee\ud835\ude00 \ud835\ude06 \ud835\uddd6\ud835\ude02\ud835\uddf9\ud835\ude01\ud835\ude02\ud835\uddff\ud835\uddee \ud835\udde0\ud835\uddee\ud835\ude06\ud835\uddee \ud835\udfee\ud835\udfec\ud835\udfee\ud835\udff2, \ud835\uddf1\ud835\uddf2\ud835\uddf9 \ud835\udfee\ud835\udff3 \ud835\uddee\ud835\uddf9 \ud835\udfef\ud835\udfec \ud835\uddf1\ud835\uddf2 \ud835\uddee\ud835\uddf4\ud835\uddfc\ud835\ude00\ud835\ude01\ud835\uddfc"},"content":{"rendered":"\n<p class=\"wp-block-paragraph\">Este encuentro re\u00fane a artesanas, artesanos, especialistas y portadores de saberes tradicionales de Campeche, Yucat\u00e1n, Quintana Roo, Tabasco y Chiapas, as\u00ed como representantes de Guatemala y El Salvador, promoviendo la preservaci\u00f3n y difusi\u00f3n de la herencia milenaria maya.<\/p>\n\n\n\n<p class=\"wp-block-paragraph\">Adem\u00e1s, los d\u00edas \ud835\udfee\ud835\udff5 \ud835\ude06 \ud835\udfef\ud835\udfec \ud835\uddf1\ud835\uddf2 \ud835\uddee\ud835\uddf4\ud835\uddfc\ud835\ude00\ud835\ude01\ud835\uddfc se llevar\u00e1 a cabo una expo-feria artesanal, impulsando el talento, las tradiciones y el patrimonio cultural de la regi\u00f3n.<\/p>\n\n\n\n<figure class=\"wp-block-image size-large\"><img loading=\"lazy\" decoding=\"async\" width=\"1024\" height=\"683\" src=\"https:\/\/turismo.campeche.gob.mx\/wp-content\/uploads\/787843457_1041973168725644_8196669942217616597_n-1024x683.jpg\" alt=\"\" class=\"wp-image-4119\" srcset=\"https:\/\/turismo.campeche.gob.mx\/wp-content\/uploads\/787843457_1041973168725644_8196669942217616597_n-980x653.jpg 980w, https:\/\/turismo.campeche.gob.mx\/wp-content\/uploads\/787843457_1041973168725644_8196669942217616597_n-480x320.jpg 480w\" sizes=\"(min-width: 0px) and (max-width: 480px) 480px, (min-width: 481px) and (max-width: 980px) 980px, (min-width: 981px) 1024px, 100vw\" \/><\/figure>\n","protected":false},"excerpt":{"rendered":"<p>Este encuentro re\u00fane a artesanas, artesanos, especialistas y portadores de saberes tradicionales de Campeche, Yucat\u00e1n, Quintana Roo, Tabasco y Chiapas, as\u00ed como representantes de Guatemala y El Salvador, promoviendo la preservaci\u00f3n y difusi\u00f3n de la herencia milenaria maya. Adem\u00e1s, los d\u00edas \ud835\udfee\ud835\udff5 \ud835\ude06 \ud835\udfef\ud835\udfec \ud835\uddf1\ud835\uddf2 \ud835\uddee\ud835\uddf4\ud835\uddfc\ud835\ude00\ud835\ude01\ud835\uddfc se llevar\u00e1 a cabo una expo-feria artesanal, impulsando el [&hellip;]<\/p>\n","protected":false},"author":4,"featured_media":4120,"comment_status":"closed","ping_status":"closed","sticky":false,"template":"","format":"standard","meta":{"_acf_changed":false,"_et_pb_use_builder":"off","_et_pb_old_content":"","_et_gb_content_width":"","inline_featured_image":false,"footnotes":""},"categories":[37],"tags":[],"class_list":["post-4118","post","type-post","status-publish","format-standard","has-post-thumbnail","hentry","category-titular"],"acf":[],"_links":{"self":[{"href":"https:\/\/turismo.campeche.gob.mx\/index.php?rest_route=\/wp\/v2\/posts\/4118","targetHints":{"allow":["GET"]}}],"collection":[{"href":"https:\/\/turismo.campeche.gob.mx\/index.php?rest_route=\/wp\/v2\/posts"}],"about":[{"href":"https:\/\/turismo.campeche.gob.mx\/index.php?rest_route=\/wp\/v2\/types\/post"}],"author":[{"embeddable":true,"href":"https:\/\/turismo.campeche.gob.mx\/index.php?rest_route=\/wp\/v2\/users\/4"}],"replies":[{"embeddable":true,"href":"https:\/\/turismo.campeche.gob.mx\/index.php?rest_route=%2Fwp%2Fv2%2Fcomments&post=4118"}],"version-history":[{"count":1,"href":"https:\/\/turismo.campeche.gob.mx\/index.php?rest_route=\/wp\/v2\/posts\/4118\/revisions"}],"predecessor-version":[{"id":4121,"href":"https:\/\/turismo.campeche.gob.mx\/index.php?rest_route=\/wp\/v2\/posts\/4118\/revisions\/4121"}],"wp:featuredmedia":[{"embeddable":true,"href":"https:\/\/turismo.campeche.gob.mx\/index.php?rest_route=\/wp\/v2\/media\/4120"}],"wp:attachment":[{"href":"https:\/\/turismo.campeche.gob.mx\/index.php?rest_route=%2Fwp%2Fv2%2Fmedia&parent=4118"}],"wp:term":[{"taxonomy":"category","embeddable":true,"href":"https:\/\/turismo.campeche.gob.mx\/index.php?rest_route=%2Fwp%2Fv2%2Fcategories&post=4118"},{"taxonomy":"post_tag","embeddable":true,"href":"https:\/\/turismo.campeche.gob.mx\/index.php?rest_route=%2Fwp%2Fv2%2Ftags&post=4118"}],"curies":[{"name":"wp","href":"https:\/\/api.w.org\/{rel}","templated":true}]}}