{"id":3095,"date":"2026-04-21T09:48:00","date_gmt":"2026-04-21T15:48:00","guid":{"rendered":"https:\/\/turismo.campeche.gob.mx\/?p=3095"},"modified":"2026-04-22T09:49:20","modified_gmt":"2026-04-22T15:49:20","slug":"coordinacion-interinstitucional-fortalece-el-turismo-sustentable-en-campeche","status":"publish","type":"post","link":"https:\/\/turismo.campeche.gob.mx\/?p=3095","title":{"rendered":"Coordinaci\u00f3n interinstitucional fortalece el turismo sustentable en Campeche"},"content":{"rendered":"\n<p>La Secretar\u00eda de Turismo del Estado de Campeche, encabezada por la lic. Adda Solis Peniche, particip\u00f3 en una visita t\u00e9cnica a los Servicios Tur\u00edsticos \u201cCenotes de Miguel Colorado\u201d, en coordinaci\u00f3n con la SEMABICCE, y su titular la M. en C. Biol. Jocelyn Dur\u00e1n Murrieta. Durante el recorrido, se conocieron los avances y beneficios derivados de proyectos de desarrollo sustentable en el Corredor Biol\u00f3gico Balam Beh, as\u00ed como las acciones para fortalecer la conectividad y el trabajo interinstitucional en favor del turismo de naturaleza en el estado. Estas acciones reafirman el compromiso de impulsar el desarrollo tur\u00edstico sostenible y el bienestar de las comunidades locales.<\/p>\n\n\n\n<figure class=\"wp-block-image size-large\"><img loading=\"lazy\" decoding=\"async\" width=\"1024\" height=\"683\" src=\"https:\/\/turismo.campeche.gob.mx\/wp-content\/uploads\/673654639_1268853928732494_4830654905152961905_n-1024x683.jpg\" alt=\"\" class=\"wp-image-3096\" srcset=\"https:\/\/turismo.campeche.gob.mx\/wp-content\/uploads\/673654639_1268853928732494_4830654905152961905_n-980x654.jpg 980w, https:\/\/turismo.campeche.gob.mx\/wp-content\/uploads\/673654639_1268853928732494_4830654905152961905_n-480x320.jpg 480w\" sizes=\"(min-width: 0px) and (max-width: 480px) 480px, (min-width: 481px) and (max-width: 980px) 980px, (min-width: 981px) 1024px, 100vw\" \/><\/figure>\n","protected":false},"excerpt":{"rendered":"<p>La Secretar\u00eda de Turismo del Estado de Campeche, encabezada por la lic. Adda Solis Peniche, particip\u00f3 en una visita t\u00e9cnica a los Servicios Tur\u00edsticos \u201cCenotes de Miguel Colorado\u201d, en coordinaci\u00f3n con la SEMABICCE, y su titular la M. en C. Biol. Jocelyn Dur\u00e1n Murrieta. Durante el recorrido, se conocieron los avances y beneficios derivados de [&hellip;]<\/p>\n","protected":false},"author":4,"featured_media":3097,"comment_status":"open","ping_status":"open","sticky":false,"template":"","format":"standard","meta":{"_acf_changed":false,"_et_pb_use_builder":"off","_et_pb_old_content":"","_et_gb_content_width":"","inline_featured_image":false,"footnotes":""},"categories":[37],"tags":[],"acf":[],"_links":{"self":[{"href":"https:\/\/turismo.campeche.gob.mx\/index.php?rest_route=\/wp\/v2\/posts\/3095"}],"collection":[{"href":"https:\/\/turismo.campeche.gob.mx\/index.php?rest_route=\/wp\/v2\/posts"}],"about":[{"href":"https:\/\/turismo.campeche.gob.mx\/index.php?rest_route=\/wp\/v2\/types\/post"}],"author":[{"embeddable":true,"href":"https:\/\/turismo.campeche.gob.mx\/index.php?rest_route=\/wp\/v2\/users\/4"}],"replies":[{"embeddable":true,"href":"https:\/\/turismo.campeche.gob.mx\/index.php?rest_route=%2Fwp%2Fv2%2Fcomments&post=3095"}],"version-history":[{"count":1,"href":"https:\/\/turismo.campeche.gob.mx\/index.php?rest_route=\/wp\/v2\/posts\/3095\/revisions"}],"predecessor-version":[{"id":3098,"href":"https:\/\/turismo.campeche.gob.mx\/index.php?rest_route=\/wp\/v2\/posts\/3095\/revisions\/3098"}],"wp:featuredmedia":[{"embeddable":true,"href":"https:\/\/turismo.campeche.gob.mx\/index.php?rest_route=\/wp\/v2\/media\/3097"}],"wp:attachment":[{"href":"https:\/\/turismo.campeche.gob.mx\/index.php?rest_route=%2Fwp%2Fv2%2Fmedia&parent=3095"}],"wp:term":[{"taxonomy":"category","embeddable":true,"href":"https:\/\/turismo.campeche.gob.mx\/index.php?rest_route=%2Fwp%2Fv2%2Fcategories&post=3095"},{"taxonomy":"post_tag","embeddable":true,"href":"https:\/\/turismo.campeche.gob.mx\/index.php?rest_route=%2Fwp%2Fv2%2Ftags&post=3095"}],"curies":[{"name":"wp","href":"https:\/\/api.w.org\/{rel}","templated":true}]}}