{"id":3091,"date":"2026-04-17T09:44:42","date_gmt":"2026-04-17T15:44:42","guid":{"rendered":"https:\/\/turismo.campeche.gob.mx\/?p=3091"},"modified":"2026-04-22T09:47:59","modified_gmt":"2026-04-22T15:47:59","slug":"inauguran-la-expo-jaguar-2026-para-impulsar-el-consumo-local-en-campeche","status":"publish","type":"post","link":"https:\/\/turismo.campeche.gob.mx\/?p=3091","title":{"rendered":"Inauguran la Expo Jaguar 2026 para impulsar el consumo local en Campeche"},"content":{"rendered":"\n<p>Participamos en la inauguraci\u00f3n de la \ud835\udc04\ud835\udc31\ud835\udc29\ud835\udc28 \ud835\udc09\ud835\udc1a\ud835\udc20\ud835\udc2e\ud835\udc1a\ud835\udc2b \ud835\udc08\ud835\udc27\ud835\udc1d\ud835\udc2e\ud835\udc2c\ud835\udc2d\ud835\udc2b\ud835\udc22\ud835\udc1a\ud835\udc25, \ud835\udc02\ud835\udc28\ud835\udc26\ud835\udc1e\ud835\udc2b\ud835\udc1c\ud835\udc22\ud835\udc1a\ud835\udc25 \ud835\udc32 \ud835\udc1d\ud835\udc1e \ud835\udc12\ud835\udc1e\ud835\udc2b\ud835\udc2f\ud835\udc22\ud835\udc1c\ud835\udc22\ud835\udc28\ud835\udc2c \ud835\udfd0\ud835\udfce\ud835\udfd0\ud835\udfd4, que tiene como objetivo impulsar el consumo local y fortalecer a los sectores productivos del estado.<\/p>\n\n\n\n<p>Este encuentro re\u00fane a m\u00e1s de 150 empresas campechanas en el Centro de Convenciones Campeche XXI, generando oportunidades de negocio, capacitaci\u00f3n e innovaci\u00f3n.<\/p>\n\n\n\n<figure class=\"wp-block-image size-large\"><img loading=\"lazy\" decoding=\"async\" width=\"1024\" height=\"683\" src=\"https:\/\/turismo.campeche.gob.mx\/wp-content\/uploads\/672430316_1265999172351303_671478516035245587_n-1024x683.jpg\" alt=\"\" class=\"wp-image-3092\" srcset=\"https:\/\/turismo.campeche.gob.mx\/wp-content\/uploads\/672430316_1265999172351303_671478516035245587_n-980x653.jpg 980w, https:\/\/turismo.campeche.gob.mx\/wp-content\/uploads\/672430316_1265999172351303_671478516035245587_n-480x320.jpg 480w\" sizes=\"(min-width: 0px) and (max-width: 480px) 480px, (min-width: 481px) and (max-width: 980px) 980px, (min-width: 981px) 1024px, 100vw\" \/><\/figure>\n","protected":false},"excerpt":{"rendered":"<p>Participamos en la inauguraci\u00f3n de la \ud835\udc04\ud835\udc31\ud835\udc29\ud835\udc28 \ud835\udc09\ud835\udc1a\ud835\udc20\ud835\udc2e\ud835\udc1a\ud835\udc2b \ud835\udc08\ud835\udc27\ud835\udc1d\ud835\udc2e\ud835\udc2c\ud835\udc2d\ud835\udc2b\ud835\udc22\ud835\udc1a\ud835\udc25, \ud835\udc02\ud835\udc28\ud835\udc26\ud835\udc1e\ud835\udc2b\ud835\udc1c\ud835\udc22\ud835\udc1a\ud835\udc25 \ud835\udc32 \ud835\udc1d\ud835\udc1e \ud835\udc12\ud835\udc1e\ud835\udc2b\ud835\udc2f\ud835\udc22\ud835\udc1c\ud835\udc22\ud835\udc28\ud835\udc2c \ud835\udfd0\ud835\udfce\ud835\udfd0\ud835\udfd4, que tiene como objetivo impulsar el consumo local y fortalecer a los sectores productivos del estado. Este encuentro re\u00fane a m\u00e1s de 150 empresas campechanas en el Centro de Convenciones Campeche XXI, generando oportunidades de negocio, capacitaci\u00f3n e innovaci\u00f3n.<\/p>\n","protected":false},"author":4,"featured_media":3093,"comment_status":"open","ping_status":"open","sticky":false,"template":"","format":"standard","meta":{"_acf_changed":false,"_et_pb_use_builder":"off","_et_pb_old_content":"","_et_gb_content_width":"","inline_featured_image":false,"footnotes":""},"categories":[37],"tags":[],"acf":[],"_links":{"self":[{"href":"https:\/\/turismo.campeche.gob.mx\/index.php?rest_route=\/wp\/v2\/posts\/3091"}],"collection":[{"href":"https:\/\/turismo.campeche.gob.mx\/index.php?rest_route=\/wp\/v2\/posts"}],"about":[{"href":"https:\/\/turismo.campeche.gob.mx\/index.php?rest_route=\/wp\/v2\/types\/post"}],"author":[{"embeddable":true,"href":"https:\/\/turismo.campeche.gob.mx\/index.php?rest_route=\/wp\/v2\/users\/4"}],"replies":[{"embeddable":true,"href":"https:\/\/turismo.campeche.gob.mx\/index.php?rest_route=%2Fwp%2Fv2%2Fcomments&post=3091"}],"version-history":[{"count":1,"href":"https:\/\/turismo.campeche.gob.mx\/index.php?rest_route=\/wp\/v2\/posts\/3091\/revisions"}],"predecessor-version":[{"id":3094,"href":"https:\/\/turismo.campeche.gob.mx\/index.php?rest_route=\/wp\/v2\/posts\/3091\/revisions\/3094"}],"wp:featuredmedia":[{"embeddable":true,"href":"https:\/\/turismo.campeche.gob.mx\/index.php?rest_route=\/wp\/v2\/media\/3093"}],"wp:attachment":[{"href":"https:\/\/turismo.campeche.gob.mx\/index.php?rest_route=%2Fwp%2Fv2%2Fmedia&parent=3091"}],"wp:term":[{"taxonomy":"category","embeddable":true,"href":"https:\/\/turismo.campeche.gob.mx\/index.php?rest_route=%2Fwp%2Fv2%2Fcategories&post=3091"},{"taxonomy":"post_tag","embeddable":true,"href":"https:\/\/turismo.campeche.gob.mx\/index.php?rest_route=%2Fwp%2Fv2%2Ftags&post=3091"}],"curies":[{"name":"wp","href":"https:\/\/api.w.org\/{rel}","templated":true}]}}