{"id":3079,"date":"2026-04-17T09:34:57","date_gmt":"2026-04-17T15:34:57","guid":{"rendered":"https:\/\/turismo.campeche.gob.mx\/?p=3079"},"modified":"2026-04-22T09:37:58","modified_gmt":"2026-04-22T15:37:58","slug":"fortalecen-el-registro-nacional-de-turismo-en-jornada-realizada-en-palizada","status":"publish","type":"post","link":"https:\/\/turismo.campeche.gob.mx\/?p=3079","title":{"rendered":"Fortalecen el Registro Nacional de Turismo en jornada realizada en Palizada"},"content":{"rendered":"\n<p>Con el objetivo de fortalecer el \ud835\udc11\ud835\udc1e\ud835\udc20\ud835\udc22\ud835\udc2c\ud835\udc2d\ud835\udc2b\ud835\udc28 \ud835\udc0d\ud835\udc1a\ud835\udc1c\ud835\udc22\ud835\udc28\ud835\udc27\ud835\udc1a\ud835\udc25 \ud835\udc1d\ud835\udc1e \ud835\udc13\ud835\udc2e\ud835\udc2b\ud835\udc22\ud835\udc2c\ud835\udc26\ud835\udc28 y el padr\u00f3n hotelero en DATATUR, se llev\u00f3 a cabo en Palizada la Jornada de Registro y Fortalecimiento, dirigida a prestadores de servicios tur\u00edsticos del municipio.<\/p>\n\n\n\n<p>Esta acci\u00f3n, impulsada en coordinaci\u00f3n con el H. Ayuntamiento de Palizada y alineada a la \ud835\udc11\ud835\udc1e\ud835\udc1d \ud835\udc04\ud835\udc2c\ud835\udc2d\ud835\udc1a\ud835\udc2d\ud835\udc1a\ud835\udc25 \ud835\udc1d\ud835\udc1e \ud835\udc0f\ud835\udc2b\ud835\udc28\ud835\udc26\ud835\udc28\ud835\udc1c\ud835\udc22\u00f3\ud835\udc27 \ud835\udc1d\ud835\udc1e \ud835\udc13\ud835\udc2e\ud835\udc2b\ud835\udc22\ud835\udc2c\ud835\udc26\ud835\udc28 \ud835\udc02\ud835\udc28\ud835\udc26\ud835\udc2e\ud835\udc27\ud835\udc22\ud835\udc2d\ud835\udc1a\ud835\udc2b\ud835\udc22\ud835\udc28, permiti\u00f3 avanzar en la formalizaci\u00f3n, actualizaci\u00f3n de registros y consolidaci\u00f3n de la informaci\u00f3n tur\u00edstica, contribuyendo a una mayor competitividad, legalidad y promoci\u00f3n del destino.<\/p>\n\n\n\n<p><\/p>\n\n\n\n<figure class=\"wp-block-image size-large\"><img loading=\"lazy\" decoding=\"async\" width=\"1024\" height=\"768\" src=\"https:\/\/turismo.campeche.gob.mx\/wp-content\/uploads\/671741429_1265850392366181_4154231026713624736_n-1024x768.jpg\" alt=\"\" class=\"wp-image-3080\" srcset=\"https:\/\/turismo.campeche.gob.mx\/wp-content\/uploads\/671741429_1265850392366181_4154231026713624736_n-980x735.jpg 980w, https:\/\/turismo.campeche.gob.mx\/wp-content\/uploads\/671741429_1265850392366181_4154231026713624736_n-480x360.jpg 480w\" sizes=\"(min-width: 0px) and (max-width: 480px) 480px, (min-width: 481px) and (max-width: 980px) 980px, (min-width: 981px) 1024px, 100vw\" \/><\/figure>\n","protected":false},"excerpt":{"rendered":"<p>Con el objetivo de fortalecer el \ud835\udc11\ud835\udc1e\ud835\udc20\ud835\udc22\ud835\udc2c\ud835\udc2d\ud835\udc2b\ud835\udc28 \ud835\udc0d\ud835\udc1a\ud835\udc1c\ud835\udc22\ud835\udc28\ud835\udc27\ud835\udc1a\ud835\udc25 \ud835\udc1d\ud835\udc1e \ud835\udc13\ud835\udc2e\ud835\udc2b\ud835\udc22\ud835\udc2c\ud835\udc26\ud835\udc28 y el padr\u00f3n hotelero en DATATUR, se llev\u00f3 a cabo en Palizada la Jornada de Registro y Fortalecimiento, dirigida a prestadores de servicios tur\u00edsticos del municipio. Esta acci\u00f3n, impulsada en coordinaci\u00f3n con el H. Ayuntamiento de Palizada y alineada a la \ud835\udc11\ud835\udc1e\ud835\udc1d \ud835\udc04\ud835\udc2c\ud835\udc2d\ud835\udc1a\ud835\udc2d\ud835\udc1a\ud835\udc25 \ud835\udc1d\ud835\udc1e \ud835\udc0f\ud835\udc2b\ud835\udc28\ud835\udc26\ud835\udc28\ud835\udc1c\ud835\udc22\u00f3\ud835\udc27 [&hellip;]<\/p>\n","protected":false},"author":4,"featured_media":3081,"comment_status":"open","ping_status":"open","sticky":false,"template":"","format":"standard","meta":{"_acf_changed":false,"_et_pb_use_builder":"off","_et_pb_old_content":"","_et_gb_content_width":"","inline_featured_image":false,"footnotes":""},"categories":[37],"tags":[],"acf":[],"_links":{"self":[{"href":"https:\/\/turismo.campeche.gob.mx\/index.php?rest_route=\/wp\/v2\/posts\/3079"}],"collection":[{"href":"https:\/\/turismo.campeche.gob.mx\/index.php?rest_route=\/wp\/v2\/posts"}],"about":[{"href":"https:\/\/turismo.campeche.gob.mx\/index.php?rest_route=\/wp\/v2\/types\/post"}],"author":[{"embeddable":true,"href":"https:\/\/turismo.campeche.gob.mx\/index.php?rest_route=\/wp\/v2\/users\/4"}],"replies":[{"embeddable":true,"href":"https:\/\/turismo.campeche.gob.mx\/index.php?rest_route=%2Fwp%2Fv2%2Fcomments&post=3079"}],"version-history":[{"count":1,"href":"https:\/\/turismo.campeche.gob.mx\/index.php?rest_route=\/wp\/v2\/posts\/3079\/revisions"}],"predecessor-version":[{"id":3082,"href":"https:\/\/turismo.campeche.gob.mx\/index.php?rest_route=\/wp\/v2\/posts\/3079\/revisions\/3082"}],"wp:featuredmedia":[{"embeddable":true,"href":"https:\/\/turismo.campeche.gob.mx\/index.php?rest_route=\/wp\/v2\/media\/3081"}],"wp:attachment":[{"href":"https:\/\/turismo.campeche.gob.mx\/index.php?rest_route=%2Fwp%2Fv2%2Fmedia&parent=3079"}],"wp:term":[{"taxonomy":"category","embeddable":true,"href":"https:\/\/turismo.campeche.gob.mx\/index.php?rest_route=%2Fwp%2Fv2%2Fcategories&post=3079"},{"taxonomy":"post_tag","embeddable":true,"href":"https:\/\/turismo.campeche.gob.mx\/index.php?rest_route=%2Fwp%2Fv2%2Ftags&post=3079"}],"curies":[{"name":"wp","href":"https:\/\/api.w.org\/{rel}","templated":true}]}}