{"id":3072,"date":"2026-04-15T09:28:36","date_gmt":"2026-04-15T15:28:36","guid":{"rendered":"https:\/\/turismo.campeche.gob.mx\/?p=3072"},"modified":"2026-04-22T09:34:53","modified_gmt":"2026-04-22T15:34:53","slug":"instalan-comite-estatal-de-proyectos-comunitarios-para-impulsar-el-deporte","status":"publish","type":"post","link":"https:\/\/turismo.campeche.gob.mx\/?p=3072","title":{"rendered":"Instalan Comit\u00e9 Estatal de Proyectos Comunitarios para impulsar el deporte"},"content":{"rendered":"\n<p>Con el objetivo de fortalecer la infraestructura deportiva comunitaria en Campeche, participamos en la firma del Convenio Marco y Espec\u00edfico del \u201c\ud835\udc0f\ud835\udc2b\ud835\udc28\ud835\udc32\ud835\udc1e\ud835\udc1c\ud835\udc2d\ud835\udc28 \ud835\udc0c\ud835\udc2e\ud835\udc27\ud835\udc1d\ud835\udc22\ud835\udc1a\ud835\udc25 \ud835\udc12\ud835\udc28\ud835\udc1c\ud835\udc22\ud835\udc1a\ud835\udc25 \ud835\udfd0\ud835\udfce\ud835\udfd0\ud835\udfd4\u201d, as\u00ed como en la toma de protesta del Comit\u00e9 Estatal de Proyectos Comunitarios. El evento, realizado en el Baluarte de San Francisco, reuni\u00f3 a autoridades de los tres \u00f3rdenes de gobierno para impulsar espacios deportivos seguros y fomentar la \ud835\udc22\ud835\udc27\ud835\udc1c\ud835\udc25\ud835\udc2e\ud835\udc2c\ud835\udc22\u00f3\ud835\udc27 \ud835\udc2c\ud835\udc28\ud835\udc1c\ud835\udc22\ud835\udc1a\ud835\udc25 a trav\u00e9s del deporte.<\/p>\n\n\n\n<figure class=\"wp-block-image size-large\"><img loading=\"lazy\" decoding=\"async\" width=\"1024\" height=\"683\" src=\"https:\/\/turismo.campeche.gob.mx\/wp-content\/uploads\/672085218_1264347399183147_3049381645830625207_n-1024x683.jpg\" alt=\"\" class=\"wp-image-3074\" srcset=\"https:\/\/turismo.campeche.gob.mx\/wp-content\/uploads\/672085218_1264347399183147_3049381645830625207_n-980x653.jpg 980w, https:\/\/turismo.campeche.gob.mx\/wp-content\/uploads\/672085218_1264347399183147_3049381645830625207_n-480x320.jpg 480w\" sizes=\"(min-width: 0px) and (max-width: 480px) 480px, (min-width: 481px) and (max-width: 980px) 980px, (min-width: 981px) 1024px, 100vw\" \/><\/figure>\n\n\n\n<figure class=\"wp-block-image size-large\"><img loading=\"lazy\" decoding=\"async\" width=\"683\" height=\"1024\" src=\"https:\/\/turismo.campeche.gob.mx\/wp-content\/uploads\/672687298_1264347599183127_1130912123540151669_n-683x1024.jpg\" alt=\"\" class=\"wp-image-3076\" \/><\/figure>\n","protected":false},"excerpt":{"rendered":"<p>Con el objetivo de fortalecer la infraestructura deportiva comunitaria en Campeche, participamos en la firma del Convenio Marco y Espec\u00edfico del \u201c\ud835\udc0f\ud835\udc2b\ud835\udc28\ud835\udc32\ud835\udc1e\ud835\udc1c\ud835\udc2d\ud835\udc28 \ud835\udc0c\ud835\udc2e\ud835\udc27\ud835\udc1d\ud835\udc22\ud835\udc1a\ud835\udc25 \ud835\udc12\ud835\udc28\ud835\udc1c\ud835\udc22\ud835\udc1a\ud835\udc25 \ud835\udfd0\ud835\udfce\ud835\udfd0\ud835\udfd4\u201d, as\u00ed como en la toma de protesta del Comit\u00e9 Estatal de Proyectos Comunitarios. El evento, realizado en el Baluarte de San Francisco, reuni\u00f3 a autoridades de los tres \u00f3rdenes de [&hellip;]<\/p>\n","protected":false},"author":4,"featured_media":3073,"comment_status":"open","ping_status":"open","sticky":false,"template":"","format":"standard","meta":{"_acf_changed":false,"_et_pb_use_builder":"off","_et_pb_old_content":"","_et_gb_content_width":"","inline_featured_image":false,"footnotes":""},"categories":[37],"tags":[],"acf":[],"_links":{"self":[{"href":"https:\/\/turismo.campeche.gob.mx\/index.php?rest_route=\/wp\/v2\/posts\/3072"}],"collection":[{"href":"https:\/\/turismo.campeche.gob.mx\/index.php?rest_route=\/wp\/v2\/posts"}],"about":[{"href":"https:\/\/turismo.campeche.gob.mx\/index.php?rest_route=\/wp\/v2\/types\/post"}],"author":[{"embeddable":true,"href":"https:\/\/turismo.campeche.gob.mx\/index.php?rest_route=\/wp\/v2\/users\/4"}],"replies":[{"embeddable":true,"href":"https:\/\/turismo.campeche.gob.mx\/index.php?rest_route=%2Fwp%2Fv2%2Fcomments&post=3072"}],"version-history":[{"count":3,"href":"https:\/\/turismo.campeche.gob.mx\/index.php?rest_route=\/wp\/v2\/posts\/3072\/revisions"}],"predecessor-version":[{"id":3078,"href":"https:\/\/turismo.campeche.gob.mx\/index.php?rest_route=\/wp\/v2\/posts\/3072\/revisions\/3078"}],"wp:featuredmedia":[{"embeddable":true,"href":"https:\/\/turismo.campeche.gob.mx\/index.php?rest_route=\/wp\/v2\/media\/3073"}],"wp:attachment":[{"href":"https:\/\/turismo.campeche.gob.mx\/index.php?rest_route=%2Fwp%2Fv2%2Fmedia&parent=3072"}],"wp:term":[{"taxonomy":"category","embeddable":true,"href":"https:\/\/turismo.campeche.gob.mx\/index.php?rest_route=%2Fwp%2Fv2%2Fcategories&post=3072"},{"taxonomy":"post_tag","embeddable":true,"href":"https:\/\/turismo.campeche.gob.mx\/index.php?rest_route=%2Fwp%2Fv2%2Ftags&post=3072"}],"curies":[{"name":"wp","href":"https:\/\/api.w.org\/{rel}","templated":true}]}}