{"id":3066,"date":"2026-04-15T09:20:15","date_gmt":"2026-04-15T15:20:15","guid":{"rendered":"https:\/\/turismo.campeche.gob.mx\/?p=3066"},"modified":"2026-04-22T09:24:11","modified_gmt":"2026-04-22T15:24:11","slug":"fortalecen-coordinacion-para-la-seguridad-en-sesion-del-consejo-estatal-de-proteccion-civil","status":"publish","type":"post","link":"https:\/\/turismo.campeche.gob.mx\/?p=3066","title":{"rendered":"Fortalecen coordinaci\u00f3n para la seguridad en sesi\u00f3n del Consejo Estatal de Protecci\u00f3n Civil"},"content":{"rendered":"\n<p class=\"has-text-align-left\">Participamos en la \ud835\udc12\ud835\udc1e\ud835\udc2c\ud835\udc22\u00f3\ud835\udc27 \ud835\udc0e\ud835\udc2b\ud835\udc1d\ud835\udc22\ud835\udc27\ud835\udc1a\ud835\udc2b\ud835\udc22\ud835\udc1a \ud835\udc1d\ud835\udc1e\ud835\udc25 \ud835\udc02\ud835\udc28\ud835\udc27\ud835\udc2c\ud835\udc1e\ud835\udc23\ud835\udc28 \ud835\udc04\ud835\udc2c\ud835\udc2d\ud835\udc1a\ud835\udc2d\ud835\udc1a\ud835\udc25 \ud835\udc1d\ud835\udc1e \ud835\udc0f\ud835\udc2b\ud835\udc28\ud835\udc2d\ud835\udc1e\ud835\udc1c\ud835\udc1c\ud835\udc22\u00f3\ud835\udc27 \ud835\udc02\ud835\udc22\ud835\udc2f\ud835\udc22\ud835\udc25, un espacio de coordinaci\u00f3n clave para fortalecer la atenci\u00f3n ante emergencias y garantizar entornos seguros en todo el estado.<\/p>\n\n\n\n<p class=\"has-text-align-left\">La colaboraci\u00f3n entre instituciones permite brindar mayor \ud835\udc2c\ud835\udc1e\ud835\udc20\ud835\udc2e\ud835\udc2b\ud835\udc22\ud835\udc1d\ud835\udc1a\ud835\udc1d, \ud835\udc1b\ud835\udc22\ud835\udc1e\ud835\udc27\ud835\udc1e\ud835\udc2c\ud835\udc2d\ud835\udc1a\ud835\udc2b \ud835\udc32 \ud835\udc1c\ud835\udc28\ud835\udc27\ud835\udc1f\ud835\udc22\ud835\udc1a\ud835\udc27\ud835\udc33\ud835\udc1a a los campechanos y a quienes nos visitan.<\/p>\n\n\n\n<p><\/p>\n\n\n\n<figure class=\"wp-block-image size-large\"><img loading=\"lazy\" decoding=\"async\" width=\"1024\" height=\"683\" src=\"https:\/\/turismo.campeche.gob.mx\/wp-content\/uploads\/672671797_1264359325848621_229958674418313789_n-1-1024x683.jpg\" alt=\"\" class=\"wp-image-3069\" srcset=\"https:\/\/turismo.campeche.gob.mx\/wp-content\/uploads\/672671797_1264359325848621_229958674418313789_n-1-980x653.jpg 980w, https:\/\/turismo.campeche.gob.mx\/wp-content\/uploads\/672671797_1264359325848621_229958674418313789_n-1-480x320.jpg 480w\" sizes=\"(min-width: 0px) and (max-width: 480px) 480px, (min-width: 481px) and (max-width: 980px) 980px, (min-width: 981px) 1024px, 100vw\" \/><\/figure>\n","protected":false},"excerpt":{"rendered":"<p>Participamos en la \ud835\udc12\ud835\udc1e\ud835\udc2c\ud835\udc22\u00f3\ud835\udc27 \ud835\udc0e\ud835\udc2b\ud835\udc1d\ud835\udc22\ud835\udc27\ud835\udc1a\ud835\udc2b\ud835\udc22\ud835\udc1a \ud835\udc1d\ud835\udc1e\ud835\udc25 \ud835\udc02\ud835\udc28\ud835\udc27\ud835\udc2c\ud835\udc1e\ud835\udc23\ud835\udc28 \ud835\udc04\ud835\udc2c\ud835\udc2d\ud835\udc1a\ud835\udc2d\ud835\udc1a\ud835\udc25 \ud835\udc1d\ud835\udc1e \ud835\udc0f\ud835\udc2b\ud835\udc28\ud835\udc2d\ud835\udc1e\ud835\udc1c\ud835\udc1c\ud835\udc22\u00f3\ud835\udc27 \ud835\udc02\ud835\udc22\ud835\udc2f\ud835\udc22\ud835\udc25, un espacio de coordinaci\u00f3n clave para fortalecer la atenci\u00f3n ante emergencias y garantizar entornos seguros en todo el estado. La colaboraci\u00f3n entre instituciones permite brindar mayor \ud835\udc2c\ud835\udc1e\ud835\udc20\ud835\udc2e\ud835\udc2b\ud835\udc22\ud835\udc1d\ud835\udc1a\ud835\udc1d, \ud835\udc1b\ud835\udc22\ud835\udc1e\ud835\udc27\ud835\udc1e\ud835\udc2c\ud835\udc2d\ud835\udc1a\ud835\udc2b \ud835\udc32 \ud835\udc1c\ud835\udc28\ud835\udc27\ud835\udc1f\ud835\udc22\ud835\udc1a\ud835\udc27\ud835\udc33\ud835\udc1a a los campechanos y a quienes nos visitan.<\/p>\n","protected":false},"author":4,"featured_media":3068,"comment_status":"open","ping_status":"open","sticky":false,"template":"","format":"standard","meta":{"_acf_changed":false,"_et_pb_use_builder":"off","_et_pb_old_content":"","_et_gb_content_width":"","inline_featured_image":false,"footnotes":""},"categories":[37],"tags":[],"acf":[],"_links":{"self":[{"href":"https:\/\/turismo.campeche.gob.mx\/index.php?rest_route=\/wp\/v2\/posts\/3066"}],"collection":[{"href":"https:\/\/turismo.campeche.gob.mx\/index.php?rest_route=\/wp\/v2\/posts"}],"about":[{"href":"https:\/\/turismo.campeche.gob.mx\/index.php?rest_route=\/wp\/v2\/types\/post"}],"author":[{"embeddable":true,"href":"https:\/\/turismo.campeche.gob.mx\/index.php?rest_route=\/wp\/v2\/users\/4"}],"replies":[{"embeddable":true,"href":"https:\/\/turismo.campeche.gob.mx\/index.php?rest_route=%2Fwp%2Fv2%2Fcomments&post=3066"}],"version-history":[{"count":1,"href":"https:\/\/turismo.campeche.gob.mx\/index.php?rest_route=\/wp\/v2\/posts\/3066\/revisions"}],"predecessor-version":[{"id":3070,"href":"https:\/\/turismo.campeche.gob.mx\/index.php?rest_route=\/wp\/v2\/posts\/3066\/revisions\/3070"}],"wp:featuredmedia":[{"embeddable":true,"href":"https:\/\/turismo.campeche.gob.mx\/index.php?rest_route=\/wp\/v2\/media\/3068"}],"wp:attachment":[{"href":"https:\/\/turismo.campeche.gob.mx\/index.php?rest_route=%2Fwp%2Fv2%2Fmedia&parent=3066"}],"wp:term":[{"taxonomy":"category","embeddable":true,"href":"https:\/\/turismo.campeche.gob.mx\/index.php?rest_route=%2Fwp%2Fv2%2Fcategories&post=3066"},{"taxonomy":"post_tag","embeddable":true,"href":"https:\/\/turismo.campeche.gob.mx\/index.php?rest_route=%2Fwp%2Fv2%2Ftags&post=3066"}],"curies":[{"name":"wp","href":"https:\/\/api.w.org\/{rel}","templated":true}]}}