{"id":3026,"date":"2026-04-10T13:04:58","date_gmt":"2026-04-10T19:04:58","guid":{"rendered":"https:\/\/turismo.campeche.gob.mx\/?p=3026"},"modified":"2026-04-13T13:05:51","modified_gmt":"2026-04-13T19:05:51","slug":"consolidan-alianzas-para-el-desarrollo-del-turismo-cultural","status":"publish","type":"post","link":"https:\/\/turismo.campeche.gob.mx\/?p=3026","title":{"rendered":"Consolidan alianzas para el desarrollo del turismo cultural"},"content":{"rendered":"\n<p><img loading=\"lazy\" decoding=\"async\" height=\"16\" width=\"16\" alt=\"\ud83e\udef1\ud83c\udffb\u200d\ud83e\udef2\ud83c\udffd\" src=\"https:\/\/static.xx.fbcdn.net\/images\/emoji.php\/v9\/tbe\/1\/16\/1faf1_1f3fb_200d_1faf2_1f3fd.png\">Reuni\u00f3n de trabajo con la <a href=\"https:\/\/www.facebook.com\/UNESCOMX?__cft__[0]=AZZmJ8_H9-18VGOySStSEZmynWlXqqdZmKvdpKYFuVR8h7jsia2-wCwxserZrLckBG7hVhFQzj_UwIPC9pD9zE6aF4Z5stVASZH1kwngNjvvoiczXG9XBlqy1uj1RjLsd7E9QfxJ_R8xPUvSkYZeWLX6_o6nnsj9EZ4_8qQoBn8ABReTd9saXC2QaMM6ERzE7yDwkMbn5FLENmi19UilYO58&amp;__tn__=-]K-R\">UNESCO Mexico<\/a> y la <a href=\"https:\/\/www.facebook.com\/SECTUR.MX?__cft__[0]=AZZmJ8_H9-18VGOySStSEZmynWlXqqdZmKvdpKYFuVR8h7jsia2-wCwxserZrLckBG7hVhFQzj_UwIPC9pD9zE6aF4Z5stVASZH1kwngNjvvoiczXG9XBlqy1uj1RjLsd7E9QfxJ_R8xPUvSkYZeWLX6_o6nnsj9EZ4_8qQoBn8ABReTd9saXC2QaMM6ERzE7yDwkMbn5FLENmi19UilYO58&amp;__tn__=-]K-R\">Secretar\u00eda de Turismo de M\u00e9xico<\/a>, fortaleciendo alianzas para el turismo cultural en <a href=\"https:\/\/www.facebook.com\/hashtag\/campeche?__eep__=6&amp;__cft__[0]=AZZmJ8_H9-18VGOySStSEZmynWlXqqdZmKvdpKYFuVR8h7jsia2-wCwxserZrLckBG7hVhFQzj_UwIPC9pD9zE6aF4Z5stVASZH1kwngNjvvoiczXG9XBlqy1uj1RjLsd7E9QfxJ_R8xPUvSkYZeWLX6_o6nnsj9EZ4_8qQoBn8ABReTd9saXC2QaMM6ERzE7yDwkMbn5FLENmi19UilYO58&amp;__tn__=*NK-R\">#Campeche<\/a>, bajo la visi\u00f3n de nuestra gobernadora <a href=\"https:\/\/www.facebook.com\/LaydaSansores?__cft__[0]=AZZmJ8_H9-18VGOySStSEZmynWlXqqdZmKvdpKYFuVR8h7jsia2-wCwxserZrLckBG7hVhFQzj_UwIPC9pD9zE6aF4Z5stVASZH1kwngNjvvoiczXG9XBlqy1uj1RjLsd7E9QfxJ_R8xPUvSkYZeWLX6_o6nnsj9EZ4_8qQoBn8ABReTd9saXC2QaMM6ERzE7yDwkMbn5FLENmi19UilYO58&amp;__tn__=-]K-R\">Layda Sansores<\/a>.<\/p>\n\n\n\n<p>Con la presencia de Carlos Tejada, Alejandro Alcaraz, Alejandra Jauregui Regueiro, <a href=\"https:\/\/www.facebook.com\/lizhernandezmx?__cft__[0]=AZZmJ8_H9-18VGOySStSEZmynWlXqqdZmKvdpKYFuVR8h7jsia2-wCwxserZrLckBG7hVhFQzj_UwIPC9pD9zE6aF4Z5stVASZH1kwngNjvvoiczXG9XBlqy1uj1RjLsd7E9QfxJ_R8xPUvSkYZeWLX6_o6nnsj9EZ4_8qQoBn8ABReTd9saXC2QaMM6ERzE7yDwkMbn5FLENmi19UilYO58&amp;__tn__=-]K-R\">Liz Hern\u00e1ndez<\/a>, Secretaria de Gobierno y <a href=\"https:\/\/www.facebook.com\/RoOlveraS?__cft__[0]=AZZmJ8_H9-18VGOySStSEZmynWlXqqdZmKvdpKYFuVR8h7jsia2-wCwxserZrLckBG7hVhFQzj_UwIPC9pD9zE6aF4Z5stVASZH1kwngNjvvoiczXG9XBlqy1uj1RjLsd7E9QfxJ_R8xPUvSkYZeWLX6_o6nnsj9EZ4_8qQoBn8ABReTd9saXC2QaMM6ERzE7yDwkMbn5FLENmi19UilYO58&amp;__tn__=-]K-R\">Ro Olvera<\/a>, Titular de la <a href=\"https:\/\/www.facebook.com\/APCECampeche?__cft__[0]=AZZmJ8_H9-18VGOySStSEZmynWlXqqdZmKvdpKYFuVR8h7jsia2-wCwxserZrLckBG7hVhFQzj_UwIPC9pD9zE6aF4Z5stVASZH1kwngNjvvoiczXG9XBlqy1uj1RjLsd7E9QfxJ_R8xPUvSkYZeWLX6_o6nnsj9EZ4_8qQoBn8ABReTd9saXC2QaMM6ERzE7yDwkMbn5FLENmi19UilYO58&amp;__tn__=-]K-R\">Autoridad del Patrimonio Cultural del Estado de Campeche<\/a> seguimos sumando esfuerzos para proyectar lo mejor de nuestro estado.<\/p>\n\n\n\n<p><a href=\"https:\/\/www.facebook.com\/hashtag\/campechepuroamor?__eep__=6&amp;__cft__[0]=AZZmJ8_H9-18VGOySStSEZmynWlXqqdZmKvdpKYFuVR8h7jsia2-wCwxserZrLckBG7hVhFQzj_UwIPC9pD9zE6aF4Z5stVASZH1kwngNjvvoiczXG9XBlqy1uj1RjLsd7E9QfxJ_R8xPUvSkYZeWLX6_o6nnsj9EZ4_8qQoBn8ABReTd9saXC2QaMM6ERzE7yDwkMbn5FLENmi19UilYO58&amp;__tn__=*NK-R\">#CampechePuroAmor<\/a><a href=\"https:\/\/www.facebook.com\/hashtag\/turismocultural?__eep__=6&amp;__cft__[0]=AZZmJ8_H9-18VGOySStSEZmynWlXqqdZmKvdpKYFuVR8h7jsia2-wCwxserZrLckBG7hVhFQzj_UwIPC9pD9zE6aF4Z5stVASZH1kwngNjvvoiczXG9XBlqy1uj1RjLsd7E9QfxJ_R8xPUvSkYZeWLX6_o6nnsj9EZ4_8qQoBn8ABReTd9saXC2QaMM6ERzE7yDwkMbn5FLENmi19UilYO58&amp;__tn__=*NK-R\">#TurismoCultural<\/a><a href=\"https:\/\/www.facebook.com\/hashtag\/turismocomunitario?__eep__=6&amp;__cft__[0]=AZZmJ8_H9-18VGOySStSEZmynWlXqqdZmKvdpKYFuVR8h7jsia2-wCwxserZrLckBG7hVhFQzj_UwIPC9pD9zE6aF4Z5stVASZH1kwngNjvvoiczXG9XBlqy1uj1RjLsd7E9QfxJ_R8xPUvSkYZeWLX6_o6nnsj9EZ4_8qQoBn8ABReTd9saXC2QaMM6ERzE7yDwkMbn5FLENmi19UilYO58&amp;__tn__=*NK-R\">#TurismoComunitario<\/a><\/p>\n","protected":false},"excerpt":{"rendered":"<p>Reuni\u00f3n de trabajo con la UNESCO Mexico y la Secretar\u00eda de Turismo de M\u00e9xico, fortaleciendo alianzas para el turismo cultural en #Campeche, bajo la visi\u00f3n de nuestra gobernadora Layda Sansores. Con la presencia de Carlos Tejada, Alejandro Alcaraz, Alejandra Jauregui Regueiro, Liz Hern\u00e1ndez, Secretaria de Gobierno y Ro Olvera, Titular de la Autoridad del Patrimonio [&hellip;]<\/p>\n","protected":false},"author":4,"featured_media":3027,"comment_status":"open","ping_status":"open","sticky":false,"template":"","format":"standard","meta":{"_acf_changed":false,"_et_pb_use_builder":"off","_et_pb_old_content":"","_et_gb_content_width":"","inline_featured_image":false,"footnotes":""},"categories":[37],"tags":[],"acf":[],"_links":{"self":[{"href":"https:\/\/turismo.campeche.gob.mx\/index.php?rest_route=\/wp\/v2\/posts\/3026"}],"collection":[{"href":"https:\/\/turismo.campeche.gob.mx\/index.php?rest_route=\/wp\/v2\/posts"}],"about":[{"href":"https:\/\/turismo.campeche.gob.mx\/index.php?rest_route=\/wp\/v2\/types\/post"}],"author":[{"embeddable":true,"href":"https:\/\/turismo.campeche.gob.mx\/index.php?rest_route=\/wp\/v2\/users\/4"}],"replies":[{"embeddable":true,"href":"https:\/\/turismo.campeche.gob.mx\/index.php?rest_route=%2Fwp%2Fv2%2Fcomments&post=3026"}],"version-history":[{"count":1,"href":"https:\/\/turismo.campeche.gob.mx\/index.php?rest_route=\/wp\/v2\/posts\/3026\/revisions"}],"predecessor-version":[{"id":3028,"href":"https:\/\/turismo.campeche.gob.mx\/index.php?rest_route=\/wp\/v2\/posts\/3026\/revisions\/3028"}],"wp:featuredmedia":[{"embeddable":true,"href":"https:\/\/turismo.campeche.gob.mx\/index.php?rest_route=\/wp\/v2\/media\/3027"}],"wp:attachment":[{"href":"https:\/\/turismo.campeche.gob.mx\/index.php?rest_route=%2Fwp%2Fv2%2Fmedia&parent=3026"}],"wp:term":[{"taxonomy":"category","embeddable":true,"href":"https:\/\/turismo.campeche.gob.mx\/index.php?rest_route=%2Fwp%2Fv2%2Fcategories&post=3026"},{"taxonomy":"post_tag","embeddable":true,"href":"https:\/\/turismo.campeche.gob.mx\/index.php?rest_route=%2Fwp%2Fv2%2Ftags&post=3026"}],"curies":[{"name":"wp","href":"https:\/\/api.w.org\/{rel}","templated":true}]}}