{"id":3019,"date":"2026-04-09T12:58:51","date_gmt":"2026-04-09T18:58:51","guid":{"rendered":"https:\/\/turismo.campeche.gob.mx\/?p=3019"},"modified":"2026-04-13T13:00:35","modified_gmt":"2026-04-13T19:00:35","slug":"turismo-comunitario-identidad-desarrollo-y-bienestar-para-todos","status":"publish","type":"post","link":"https:\/\/turismo.campeche.gob.mx\/?p=3019","title":{"rendered":"Turismo comunitario: identidad, desarrollo y bienestar para todos"},"content":{"rendered":"\n<p>Se llev\u00f3 a cabo la reuni\u00f3n de la Red Estatal de Promoci\u00f3n de Turismo Comunitario, reafirmando el compromiso de fortalecer un modelo tur\u00edstico con identidad y enfoque social en Campeche.<\/p>\n\n\n\n<p>La secretaria de Turismo, Adda Sol\u00eds, destac\u00f3 que las comunidades son el eje del turismo y donde se generan los beneficios que impactan directamente en la poblaci\u00f3n.<\/p>\n\n\n\n<p>En el encuentro particip\u00f3 Carlos Tejada, coordinador del sector cultura de la UNESCO en M\u00e9xico y de la Autoridad del Patrimonio Cultural del Estado, sumando esfuerzos para impulsar la promoci\u00f3n de experiencias comunitarias que atraigan visitantes y fortalezcan el desarrollo local.<\/p>\n\n\n\n<p><a href=\"https:\/\/www.facebook.com\/hashtag\/campechepuroamor?__eep__=6&amp;__cft__[0]=AZYawYb-GGMqfaWYD_1VUc_zlcqckzEODzIU1Rcipl39a8NDdcjTLO9Dv-Svvw8ajt9tLvx1oGMbgfnxWbLl5s9mw4COYTwv2ySQlKeAodWgn_d4moaFeQkVwHbd_liQ_vbw4YVEaKkUug9GEHyAlxZl6HJMXqZFTEDBNLknzrJu-ylOcRYMD44Q8FblywDGZ0g&amp;__tn__=*NK-R\">#CampechePuroAmor<\/a><a href=\"https:\/\/www.facebook.com\/hashtag\/elturismosomostodos?__eep__=6&amp;__cft__[0]=AZYawYb-GGMqfaWYD_1VUc_zlcqckzEODzIU1Rcipl39a8NDdcjTLO9Dv-Svvw8ajt9tLvx1oGMbgfnxWbLl5s9mw4COYTwv2ySQlKeAodWgn_d4moaFeQkVwHbd_liQ_vbw4YVEaKkUug9GEHyAlxZl6HJMXqZFTEDBNLknzrJu-ylOcRYMD44Q8FblywDGZ0g&amp;__tn__=*NK-R\">#ElTurismoSomosTodos<\/a><a href=\"https:\/\/www.facebook.com\/hashtag\/turismocomunitario?__eep__=6&amp;__cft__[0]=AZYawYb-GGMqfaWYD_1VUc_zlcqckzEODzIU1Rcipl39a8NDdcjTLO9Dv-Svvw8ajt9tLvx1oGMbgfnxWbLl5s9mw4COYTwv2ySQlKeAodWgn_d4moaFeQkVwHbd_liQ_vbw4YVEaKkUug9GEHyAlxZl6HJMXqZFTEDBNLknzrJu-ylOcRYMD44Q8FblywDGZ0g&amp;__tn__=*NK-R\">#TurismoComunitario<\/a><\/p>\n\n\n\n<figure class=\"wp-block-image size-large\"><img loading=\"lazy\" decoding=\"async\" width=\"1024\" height=\"683\" src=\"https:\/\/turismo.campeche.gob.mx\/wp-content\/uploads\/669639467_1259777892973431_7668737653027965265_n-1024x683.jpg\" alt=\"\" class=\"wp-image-3020\" srcset=\"https:\/\/turismo.campeche.gob.mx\/wp-content\/uploads\/669639467_1259777892973431_7668737653027965265_n-980x654.jpg 980w, https:\/\/turismo.campeche.gob.mx\/wp-content\/uploads\/669639467_1259777892973431_7668737653027965265_n-480x320.jpg 480w\" sizes=\"(min-width: 0px) and (max-width: 480px) 480px, (min-width: 481px) and (max-width: 980px) 980px, (min-width: 981px) 1024px, 100vw\" \/><\/figure>\n","protected":false},"excerpt":{"rendered":"<p>Se llev\u00f3 a cabo la reuni\u00f3n de la Red Estatal de Promoci\u00f3n de Turismo Comunitario, reafirmando el compromiso de fortalecer un modelo tur\u00edstico con identidad y enfoque social en Campeche. La secretaria de Turismo, Adda Sol\u00eds, destac\u00f3 que las comunidades son el eje del turismo y donde se generan los beneficios que impactan directamente en [&hellip;]<\/p>\n","protected":false},"author":4,"featured_media":3021,"comment_status":"open","ping_status":"open","sticky":false,"template":"","format":"standard","meta":{"_acf_changed":false,"_et_pb_use_builder":"off","_et_pb_old_content":"","_et_gb_content_width":"","inline_featured_image":false,"footnotes":""},"categories":[37],"tags":[],"acf":[],"_links":{"self":[{"href":"https:\/\/turismo.campeche.gob.mx\/index.php?rest_route=\/wp\/v2\/posts\/3019"}],"collection":[{"href":"https:\/\/turismo.campeche.gob.mx\/index.php?rest_route=\/wp\/v2\/posts"}],"about":[{"href":"https:\/\/turismo.campeche.gob.mx\/index.php?rest_route=\/wp\/v2\/types\/post"}],"author":[{"embeddable":true,"href":"https:\/\/turismo.campeche.gob.mx\/index.php?rest_route=\/wp\/v2\/users\/4"}],"replies":[{"embeddable":true,"href":"https:\/\/turismo.campeche.gob.mx\/index.php?rest_route=%2Fwp%2Fv2%2Fcomments&post=3019"}],"version-history":[{"count":1,"href":"https:\/\/turismo.campeche.gob.mx\/index.php?rest_route=\/wp\/v2\/posts\/3019\/revisions"}],"predecessor-version":[{"id":3022,"href":"https:\/\/turismo.campeche.gob.mx\/index.php?rest_route=\/wp\/v2\/posts\/3019\/revisions\/3022"}],"wp:featuredmedia":[{"embeddable":true,"href":"https:\/\/turismo.campeche.gob.mx\/index.php?rest_route=\/wp\/v2\/media\/3021"}],"wp:attachment":[{"href":"https:\/\/turismo.campeche.gob.mx\/index.php?rest_route=%2Fwp%2Fv2%2Fmedia&parent=3019"}],"wp:term":[{"taxonomy":"category","embeddable":true,"href":"https:\/\/turismo.campeche.gob.mx\/index.php?rest_route=%2Fwp%2Fv2%2Fcategories&post=3019"},{"taxonomy":"post_tag","embeddable":true,"href":"https:\/\/turismo.campeche.gob.mx\/index.php?rest_route=%2Fwp%2Fv2%2Ftags&post=3019"}],"curies":[{"name":"wp","href":"https:\/\/api.w.org\/{rel}","templated":true}]}}