{"id":2945,"date":"2026-03-27T11:03:23","date_gmt":"2026-03-27T17:03:23","guid":{"rendered":"https:\/\/turismo.campeche.gob.mx\/?p=2945"},"modified":"2026-03-31T11:04:40","modified_gmt":"2026-03-31T17:04:40","slug":"campeche-da-el-banderazo-de-seguridad-ruta-sol-y-playa-por-semana-santa-2026","status":"publish","type":"post","link":"https:\/\/turismo.campeche.gob.mx\/?p=2945","title":{"rendered":"Campeche da el banderazo de seguridad \u201cRuta Sol y Playa\u201d por Semana Santa 2026"},"content":{"rendered":"\n<p>El d\u00eda de hoy nos unimos al banderazo de Seguridad \ud835\udc11\ud835\udc2e\ud835\udc2d\ud835\udc1a \ud835\udc12\ud835\udc28\ud835\udc25 \ud835\udc32 \ud835\udc0f\ud835\udc25\ud835\udc1a\ud835\udc32\ud835\udc1a, de la mano de nuestra titular, Adda Sol\u00eds Peniche y la Mtra. Marcela Mu\u00f1oz Mart\u00ednez, titular de la Secretar\u00eda de Protecci\u00f3n y Seguridad Ciudadana, con motivo del periodo vacacional de Semana Santa 2026. \ud835\udc02\ud835\udc1a\ud835\udc26\ud835\udc29\ud835\udc1e\ud835\udc1c\ud835\udc21\ud835\udc1e abre su costa para invitarte a descubrir sus playas, dejarte llevar por sus sabores y vivir unas vacaciones inolvidables. #ElTurismoSomosTodos #RutaSolYPlaya #SemanaSanta2026<\/p>\n\n\n\n<figure class=\"wp-block-image size-large\"><img loading=\"lazy\" decoding=\"async\" width=\"1024\" height=\"683\" src=\"https:\/\/turismo.campeche.gob.mx\/wp-content\/uploads\/656709617_1249548680663019_4188315793649599403_n-1024x683.jpg\" alt=\"\" class=\"wp-image-2946\" srcset=\"https:\/\/turismo.campeche.gob.mx\/wp-content\/uploads\/656709617_1249548680663019_4188315793649599403_n-980x653.jpg 980w, https:\/\/turismo.campeche.gob.mx\/wp-content\/uploads\/656709617_1249548680663019_4188315793649599403_n-480x320.jpg 480w\" sizes=\"(min-width: 0px) and (max-width: 480px) 480px, (min-width: 481px) and (max-width: 980px) 980px, (min-width: 981px) 1024px, 100vw\" \/><\/figure>\n","protected":false},"excerpt":{"rendered":"<p>El d\u00eda de hoy nos unimos al banderazo de Seguridad \ud835\udc11\ud835\udc2e\ud835\udc2d\ud835\udc1a \ud835\udc12\ud835\udc28\ud835\udc25 \ud835\udc32 \ud835\udc0f\ud835\udc25\ud835\udc1a\ud835\udc32\ud835\udc1a, de la mano de nuestra titular, Adda Sol\u00eds Peniche y la Mtra. Marcela Mu\u00f1oz Mart\u00ednez, titular de la Secretar\u00eda de Protecci\u00f3n y Seguridad Ciudadana, con motivo del periodo vacacional de Semana Santa 2026. \ud835\udc02\ud835\udc1a\ud835\udc26\ud835\udc29\ud835\udc1e\ud835\udc1c\ud835\udc21\ud835\udc1e abre su costa para invitarte a descubrir [&hellip;]<\/p>\n","protected":false},"author":4,"featured_media":2947,"comment_status":"open","ping_status":"open","sticky":false,"template":"","format":"standard","meta":{"_acf_changed":false,"_et_pb_use_builder":"off","_et_pb_old_content":"","_et_gb_content_width":"","inline_featured_image":false,"footnotes":""},"categories":[37],"tags":[],"acf":[],"_links":{"self":[{"href":"https:\/\/turismo.campeche.gob.mx\/index.php?rest_route=\/wp\/v2\/posts\/2945"}],"collection":[{"href":"https:\/\/turismo.campeche.gob.mx\/index.php?rest_route=\/wp\/v2\/posts"}],"about":[{"href":"https:\/\/turismo.campeche.gob.mx\/index.php?rest_route=\/wp\/v2\/types\/post"}],"author":[{"embeddable":true,"href":"https:\/\/turismo.campeche.gob.mx\/index.php?rest_route=\/wp\/v2\/users\/4"}],"replies":[{"embeddable":true,"href":"https:\/\/turismo.campeche.gob.mx\/index.php?rest_route=%2Fwp%2Fv2%2Fcomments&post=2945"}],"version-history":[{"count":1,"href":"https:\/\/turismo.campeche.gob.mx\/index.php?rest_route=\/wp\/v2\/posts\/2945\/revisions"}],"predecessor-version":[{"id":2948,"href":"https:\/\/turismo.campeche.gob.mx\/index.php?rest_route=\/wp\/v2\/posts\/2945\/revisions\/2948"}],"wp:featuredmedia":[{"embeddable":true,"href":"https:\/\/turismo.campeche.gob.mx\/index.php?rest_route=\/wp\/v2\/media\/2947"}],"wp:attachment":[{"href":"https:\/\/turismo.campeche.gob.mx\/index.php?rest_route=%2Fwp%2Fv2%2Fmedia&parent=2945"}],"wp:term":[{"taxonomy":"category","embeddable":true,"href":"https:\/\/turismo.campeche.gob.mx\/index.php?rest_route=%2Fwp%2Fv2%2Fcategories&post=2945"},{"taxonomy":"post_tag","embeddable":true,"href":"https:\/\/turismo.campeche.gob.mx\/index.php?rest_route=%2Fwp%2Fv2%2Ftags&post=2945"}],"curies":[{"name":"wp","href":"https:\/\/api.w.org\/{rel}","templated":true}]}}