{"id":2939,"date":"2026-03-26T10:46:24","date_gmt":"2026-03-26T16:46:24","guid":{"rendered":"https:\/\/turismo.campeche.gob.mx\/?p=2939"},"modified":"2026-03-31T11:01:16","modified_gmt":"2026-03-31T17:01:16","slug":"2939","status":"publish","type":"post","link":"https:\/\/turismo.campeche.gob.mx\/?p=2939","title":{"rendered":""},"content":{"rendered":"\n<p>Con el objetivo de \ud835\udc1f\ud835\udc28\ud835\udc2b\ud835\udc2d\ud835\udc1a\ud835\udc25\ud835\udc1e\ud835\udc1c\ud835\udc1e\ud835\udc2b \ud835\udc1e\ud835\udc25 \ud835\udc1b\ud835\udc22\ud835\udc1e\ud835\udc27\ud835\udc1e\ud835\udc2c\ud835\udc2d\ud835\udc1a\ud835\udc2b de las y los trabajadores del primer cuadro vinculados al sector tur\u00edstico, se llev\u00f3 a cabo una reuni\u00f3n de trabajo con el Lic. Demis Jim\u00e9nez Ortega, Director de Bienestar Econ\u00f3mico de la Secretar\u00eda de Bienestar, a fin de incorporarles a Programas Sociales que contribuyan a mejorar su calidad de vida y la de sus familias.<\/p>\n\n\n\n<p>Estas acciones fortalecen al \ud835\udc2c\ud835\udc1e\ud835\udc1c\ud835\udc2d\ud835\udc28\ud835\udc2b \ud835\udc2d\ud835\udc2e\ud835\udc2b\u00ed\ud835\udc2c\ud835\udc2d\ud835\udc22\ud835\udc1c\ud835\udc28 y refrendan el compromiso de seguir impulsando el bienestar de quienes forman parte de la actividad tur\u00edstica y el desarrollo de nuestra comunidad.<\/p>\n","protected":false},"excerpt":{"rendered":"<p>Con el objetivo de \ud835\udc1f\ud835\udc28\ud835\udc2b\ud835\udc2d\ud835\udc1a\ud835\udc25\ud835\udc1e\ud835\udc1c\ud835\udc1e\ud835\udc2b \ud835\udc1e\ud835\udc25 \ud835\udc1b\ud835\udc22\ud835\udc1e\ud835\udc27\ud835\udc1e\ud835\udc2c\ud835\udc2d\ud835\udc1a\ud835\udc2b de las y los trabajadores del primer cuadro vinculados al sector tur\u00edstico, se llev\u00f3 a cabo una reuni\u00f3n de trabajo con el Lic. Demis Jim\u00e9nez Ortega, Director de Bienestar Econ\u00f3mico de la Secretar\u00eda de Bienestar, a fin de incorporarles a Programas Sociales que contribuyan a mejorar su calidad [&hellip;]<\/p>\n","protected":false},"author":4,"featured_media":2940,"comment_status":"open","ping_status":"open","sticky":false,"template":"","format":"standard","meta":{"_acf_changed":false,"_et_pb_use_builder":"off","_et_pb_old_content":"","_et_gb_content_width":"","inline_featured_image":false,"footnotes":""},"categories":[37],"tags":[],"acf":[],"_links":{"self":[{"href":"https:\/\/turismo.campeche.gob.mx\/index.php?rest_route=\/wp\/v2\/posts\/2939"}],"collection":[{"href":"https:\/\/turismo.campeche.gob.mx\/index.php?rest_route=\/wp\/v2\/posts"}],"about":[{"href":"https:\/\/turismo.campeche.gob.mx\/index.php?rest_route=\/wp\/v2\/types\/post"}],"author":[{"embeddable":true,"href":"https:\/\/turismo.campeche.gob.mx\/index.php?rest_route=\/wp\/v2\/users\/4"}],"replies":[{"embeddable":true,"href":"https:\/\/turismo.campeche.gob.mx\/index.php?rest_route=%2Fwp%2Fv2%2Fcomments&post=2939"}],"version-history":[{"count":1,"href":"https:\/\/turismo.campeche.gob.mx\/index.php?rest_route=\/wp\/v2\/posts\/2939\/revisions"}],"predecessor-version":[{"id":2941,"href":"https:\/\/turismo.campeche.gob.mx\/index.php?rest_route=\/wp\/v2\/posts\/2939\/revisions\/2941"}],"wp:featuredmedia":[{"embeddable":true,"href":"https:\/\/turismo.campeche.gob.mx\/index.php?rest_route=\/wp\/v2\/media\/2940"}],"wp:attachment":[{"href":"https:\/\/turismo.campeche.gob.mx\/index.php?rest_route=%2Fwp%2Fv2%2Fmedia&parent=2939"}],"wp:term":[{"taxonomy":"category","embeddable":true,"href":"https:\/\/turismo.campeche.gob.mx\/index.php?rest_route=%2Fwp%2Fv2%2Fcategories&post=2939"},{"taxonomy":"post_tag","embeddable":true,"href":"https:\/\/turismo.campeche.gob.mx\/index.php?rest_route=%2Fwp%2Fv2%2Ftags&post=2939"}],"curies":[{"name":"wp","href":"https:\/\/api.w.org\/{rel}","templated":true}]}}