{"id":2931,"date":"2026-03-26T10:41:40","date_gmt":"2026-03-26T16:41:40","guid":{"rendered":"https:\/\/turismo.campeche.gob.mx\/?p=2931"},"modified":"2026-03-31T10:44:03","modified_gmt":"2026-03-31T16:44:03","slug":"%f0%9d%97%a6%f0%9d%97%b2%f0%9d%97%b4%f0%9d%98%82%f0%9d%97%b6%f0%9d%97%ba%f0%9d%97%bc%f0%9d%98%80-%f0%9d%97%ae%f0%9d%98%83%f0%9d%97%ae%f0%9d%97%bb%f0%9d%98%87%f0%9d%97%ae%f0%9d%97%bb%f0%9d%97%b1","status":"publish","type":"post","link":"https:\/\/turismo.campeche.gob.mx\/?p=2931","title":{"rendered":"\ud835\udde6\ud835\uddf2\ud835\uddf4\ud835\ude02\ud835\uddf6\ud835\uddfa\ud835\uddfc\ud835\ude00 \ud835\uddee\ud835\ude03\ud835\uddee\ud835\uddfb\ud835\ude07\ud835\uddee\ud835\uddfb\ud835\uddf1\ud835\uddfc \ud835\uddf2\ud835\uddfb \ud835\uddf9\ud835\uddee \ud835\uddf4\ud835\uddf2\ud835\ude00\ud835\ude01\ud835\uddf6\ud835\uddfc\u0301\ud835\uddfb \ud835\uddfd\ud835\uddee\ud835\uddff\ud835\uddee \ud835\uddf3\ud835\uddfc\ud835\uddff\ud835\ude01\ud835\uddee\ud835\uddf9\ud835\uddf2\ud835\uddf0\ud835\uddf2\ud835\uddff \ud835\uddf9\ud835\uddee \ud835\uddfd\ud835\uddff\ud835\uddf2\ud835\ude00\ud835\uddf2\ud835\uddfb\ud835\uddf0\ud835\uddf6\ud835\uddee \ud835\uddf1\ud835\uddf2 \ud835\uddd6\ud835\uddee\ud835\uddf9\ud835\uddee\ud835\uddf8\ud835\uddfa\ud835\ude02\ud835\uddf9 \ud835\uddf2\ud835\uddfb \ud835\uddfd\ud835\uddf9\ud835\uddee\ud835\ude01\ud835\uddee\ud835\uddf3\ud835\uddfc\ud835\uddff\ud835\uddfa\ud835\uddee\ud835\ude00 \ud835\uddf1\ud835\uddf2 \ud835\uddff\ud835\uddf2\ud835\ude00\ud835\uddf2\ud835\uddff\ud835\ude03\ud835\uddee\ud835\uddf0\ud835\uddf6\ud835\uddfc\u0301\ud835\uddfb \ud835\uddf1\ud835\uddf6\ud835\uddf4\ud835\uddf6\ud835\ude01\ud835\uddee\ud835\uddf9."},"content":{"rendered":"\n<p>Hoy sostuvimos reuniones virtuales con Sarah Hudgins, Directora de Asuntos P\u00fablicos de Booking, en colaboraci\u00f3n con la secretaria <a href=\"https:\/\/www.facebook.com\/josefinarodzam?__cft__[0]=AZYPuOrJvLZ88AhfBCVdgYjw7a7YJIqyuVdPCGk3HdmTCpZVB3oOtmpFIqU1xRYroiHQT2GBXYWZ9KXMxebYs53FoLWP_wNtV3Qv7lHbqndYqE6NbJgTtf9B01AR8moAYuU2wQNRA741gvYv9SOlNu7hP7_D00Tr6a0QX4bomDXW6hlw-h1M1wZAt7H-1nnQAgwdttCzfj_6ieye5m7QlgD3Nr54leMW4MTgOP1RYT4zdg&amp;__tn__=-]K-y-R\">Josefina Rodr\u00edguez Zamora<\/a> y con Miguel Agui\u00f1iga Rodr\u00edguez, titular de la Unidad de Innovaci\u00f3n, Sostenibilidad y Profesionalizaci\u00f3n de la Secretar\u00eda de Turismo federal; para dar seguimiento al trabajo que desde el 10 de febrero hemos venido impulsando directamente con <a href=\"https:\/\/l.facebook.com\/l.php?u=https%3A%2F%2FBooking.com%2F%3Ffbclid%3DIwZXh0bgNhZW0CMTAAYnJpZBExcldUb3AyWFhZRE5WM3d5d3NydGMGYXBwX2lkEDIyMjAzOTE3ODgyMDA4OTIAAR5ZhmoR2V2ZZADPM65ZKAhQvK7jk-e6GqRzAlziTrimXmfMPfBF8LzIww9viA_aem_vQzVCwvZrkk2WWVXhQ0mrw&amp;h=AT4yxfjXt00wWFjXcFKGG8rkV3LCkg4Qjg2nlr1zB6KLOfOPKkLYmnQGOw4-nm_5PpNX52OIiiIcbJSzYek1bAvpjeil8K13CfZ5EwgnCkILmMjGVW7Fz-lQaoX5dE2qott1hLqNHb4KSjGTBg&amp;__tn__=-UK-y-R&amp;c[0]=AT7JaCLuNiNg6-olrY5QICtgb-h3BJnMeb5O8O5q8KGJFn6ighg0cO-TuwoMMXYQba1Dg_UkQxfcXDvbHcmCPhqJwauVElk0xlB_lDBpzXjrkl3STSsRqNhCVnD-sOpujRTwnoc11Pe0dwqya3uSasQZUsm6YrKyWUX-NWWUTuOFXWXG_V_LLzmFMYKVnUbj4qvz9txQjfmomzY9RmgapLizpoMClHNFmG9H0Whl_cM7cGnWlg\" rel=\"noreferrer noopener\" target=\"_blank\">Booking.com<\/a>, \ud835\udc1b\ud835\udc2e\ud835\udc2c\ud835\udc1c\ud835\udc1a\ud835\udc27\ud835\udc1d\ud835\udc28 \ud835\udc2a\ud835\udc2e\ud835\udc1e \ud835\udc2d\ud835\udc28\ud835\udc1d\ud835\udc1a \ud835\udc25\ud835\udc1a \ud835\udc28\ud835\udc1f\ud835\udc1e\ud835\udc2b\ud835\udc2d\ud835\udc1a \ud835\udc2d\ud835\udc2e\ud835\udc2b\ud835\udeca\u0301\ud835\udc2c\ud835\udc2d\ud835\udc22\ud835\udc1c\ud835\udc1a \ud835\udc1d\ud835\udc1e \ud835\udc02\ud835\udc1a\ud835\udc25\ud835\udc1a\ud835\udc24\ud835\udc26\ud835\udc2e\ud835\udc25 \ud835\udc2d\ud835\udc1e\ud835\udc27\ud835\udc20\ud835\udc1a \ud835\udc26\ud835\udc1a\ud835\udc32\ud835\udc28\ud835\udc2b \ud835\udc2f\ud835\udc22\ud835\udc2c\ud835\udc22\ud835\udc1b\ud835\udc22\ud835\udc25\ud835\udc22\ud835\udc1d\ud835\udc1a\ud835\udc1d.<\/p>\n\n\n\n<p>Promovemos nuestro estado para abrir espacios ah\u00ed, donde hoy se deciden muchos viajes. \ud835\udde7\ud835\uddff\ud835\uddee\ud835\uddef\ud835\uddee\ud835\uddf7\ud835\uddee\ud835\uddfa\ud835\uddfc\ud835\ude00 \ud835\uddfd\ud835\uddee\ud835\uddff\ud835\uddee \ud835\uddfe\ud835\ude02\ud835\uddf2 \ud835\uddee \ud835\uddd6\ud835\uddee\ud835\uddf9\ud835\uddee\ud835\uddf8\ud835\uddfa\ud835\ude02\ud835\uddf9 \ud835\ude06 \ud835\uddee \ud835\uddd6\ud835\uddee\ud835\uddfa\ud835\uddfd\ud835\uddf2\ud835\uddf0\ud835\uddf5\ud835\uddf2 \ud835\uddf9\ud835\uddf2\ud835\ude00 \ud835\ude03\ud835\uddee\ud835\ude06\ud835\uddee \ud835\uddef\ud835\uddf6\ud835\uddf2\ud835\uddfb, y para que eso se note en la vida de su gente.<\/p>\n","protected":false},"excerpt":{"rendered":"<p>Hoy sostuvimos reuniones virtuales con Sarah Hudgins, Directora de Asuntos P\u00fablicos de Booking, en colaboraci\u00f3n con la secretaria Josefina Rodr\u00edguez Zamora y con Miguel Agui\u00f1iga Rodr\u00edguez, titular de la Unidad de Innovaci\u00f3n, Sostenibilidad y Profesionalizaci\u00f3n de la Secretar\u00eda de Turismo federal; para dar seguimiento al trabajo que desde el 10 de febrero hemos venido impulsando [&hellip;]<\/p>\n","protected":false},"author":4,"featured_media":2932,"comment_status":"open","ping_status":"open","sticky":false,"template":"","format":"standard","meta":{"_acf_changed":false,"_et_pb_use_builder":"off","_et_pb_old_content":"","_et_gb_content_width":"","inline_featured_image":false,"footnotes":""},"categories":[37],"tags":[],"acf":[],"_links":{"self":[{"href":"https:\/\/turismo.campeche.gob.mx\/index.php?rest_route=\/wp\/v2\/posts\/2931"}],"collection":[{"href":"https:\/\/turismo.campeche.gob.mx\/index.php?rest_route=\/wp\/v2\/posts"}],"about":[{"href":"https:\/\/turismo.campeche.gob.mx\/index.php?rest_route=\/wp\/v2\/types\/post"}],"author":[{"embeddable":true,"href":"https:\/\/turismo.campeche.gob.mx\/index.php?rest_route=\/wp\/v2\/users\/4"}],"replies":[{"embeddable":true,"href":"https:\/\/turismo.campeche.gob.mx\/index.php?rest_route=%2Fwp%2Fv2%2Fcomments&post=2931"}],"version-history":[{"count":1,"href":"https:\/\/turismo.campeche.gob.mx\/index.php?rest_route=\/wp\/v2\/posts\/2931\/revisions"}],"predecessor-version":[{"id":2933,"href":"https:\/\/turismo.campeche.gob.mx\/index.php?rest_route=\/wp\/v2\/posts\/2931\/revisions\/2933"}],"wp:featuredmedia":[{"embeddable":true,"href":"https:\/\/turismo.campeche.gob.mx\/index.php?rest_route=\/wp\/v2\/media\/2932"}],"wp:attachment":[{"href":"https:\/\/turismo.campeche.gob.mx\/index.php?rest_route=%2Fwp%2Fv2%2Fmedia&parent=2931"}],"wp:term":[{"taxonomy":"category","embeddable":true,"href":"https:\/\/turismo.campeche.gob.mx\/index.php?rest_route=%2Fwp%2Fv2%2Fcategories&post=2931"},{"taxonomy":"post_tag","embeddable":true,"href":"https:\/\/turismo.campeche.gob.mx\/index.php?rest_route=%2Fwp%2Fv2%2Ftags&post=2931"}],"curies":[{"name":"wp","href":"https:\/\/api.w.org\/{rel}","templated":true}]}}