{"id":2889,"date":"2026-03-10T08:17:35","date_gmt":"2026-03-10T14:17:35","guid":{"rendered":"https:\/\/turismo.campeche.gob.mx\/?p=2889"},"modified":"2026-03-18T08:19:53","modified_gmt":"2026-03-18T14:19:53","slug":"fortalece-campeche-la-red-de-turismo-comunitario-en-seybaplaya","status":"publish","type":"post","link":"https:\/\/turismo.campeche.gob.mx\/?p=2889","title":{"rendered":"Fortalece Campeche la Red de Turismo Comunitario en Seybaplaya"},"content":{"rendered":"\n<p>La Secretar\u00eda de Turismo del Estado de Campeche, encabezada por su titular, la Lic. Adda Sol\u00eds Peniche, realiz\u00f3 la inauguraci\u00f3n del mapa tur\u00edstico de Seybaplaya como parte de las acciones de fortalecimiento de la \ud835\udc11\ud835\udc1e\ud835\udc1d \ud835\udc1d\ud835\udc1e \ud835\udc13\ud835\udc2e\ud835\udc2b\ud835\udc22\ud835\udc2c\ud835\udc26\ud835\udc28 \ud835\udc02\ud835\udc28\ud835\udc26\ud835\udc2e\ud835\udc27\ud835\udc22\ud835\udc2d\ud835\udc1a\ud835\udc2b\ud835\udc22\ud835\udc28, acompa\u00f1ada por la alcaldesa Magdalena Jim\u00e9nez.<\/p>\n\n\n\n<p>Como parte de la gira de trabajo, tambi\u00e9n se llev\u00f3 a cabo la firma de un convenio de colaboraci\u00f3n para impulsar esta red, as\u00ed como un encuentro con prestadores de servicios tur\u00edsticos del municipio, con quienes se dialog\u00f3 para conocer sus necesidades y continuar fortaleciendo el \ud835\udc1d\ud835\udc1e\ud835\udc2c\ud835\udc1a\ud835\udc2b\ud835\udc2b\ud835\udc28\ud835\udc25\ud835\udc25\ud835\udc28 \ud835\udc2d\ud835\udc2e\ud835\udc2b\u00ed\ud835\udc2c\ud835\udc2d\ud835\udc22\ud835\udc1c\ud835\udc28 de la comunidad.<\/p>\n\n\n\n<figure class=\"wp-block-image size-large\"><img loading=\"lazy\" decoding=\"async\" width=\"1024\" height=\"683\" src=\"https:\/\/turismo.campeche.gob.mx\/wp-content\/uploads\/650731797_1235837785367442_1081760761220002564_n-1024x683.jpg\" alt=\"\" class=\"wp-image-2890\" srcset=\"https:\/\/turismo.campeche.gob.mx\/wp-content\/uploads\/650731797_1235837785367442_1081760761220002564_n-980x653.jpg 980w, https:\/\/turismo.campeche.gob.mx\/wp-content\/uploads\/650731797_1235837785367442_1081760761220002564_n-480x320.jpg 480w\" sizes=\"(min-width: 0px) and (max-width: 480px) 480px, (min-width: 481px) and (max-width: 980px) 980px, (min-width: 981px) 1024px, 100vw\" \/><\/figure>\n","protected":false},"excerpt":{"rendered":"<p>La Secretar\u00eda de Turismo del Estado de Campeche, encabezada por su titular, la Lic. Adda Sol\u00eds Peniche, realiz\u00f3 la inauguraci\u00f3n del mapa tur\u00edstico de Seybaplaya como parte de las acciones de fortalecimiento de la \ud835\udc11\ud835\udc1e\ud835\udc1d \ud835\udc1d\ud835\udc1e \ud835\udc13\ud835\udc2e\ud835\udc2b\ud835\udc22\ud835\udc2c\ud835\udc26\ud835\udc28 \ud835\udc02\ud835\udc28\ud835\udc26\ud835\udc2e\ud835\udc27\ud835\udc22\ud835\udc2d\ud835\udc1a\ud835\udc2b\ud835\udc22\ud835\udc28, acompa\u00f1ada por la alcaldesa Magdalena Jim\u00e9nez. Como parte de la gira de trabajo, tambi\u00e9n se llev\u00f3 a [&hellip;]<\/p>\n","protected":false},"author":4,"featured_media":2891,"comment_status":"open","ping_status":"open","sticky":false,"template":"","format":"standard","meta":{"_acf_changed":false,"_et_pb_use_builder":"off","_et_pb_old_content":"","_et_gb_content_width":"","inline_featured_image":false,"footnotes":""},"categories":[37],"tags":[],"acf":[],"_links":{"self":[{"href":"https:\/\/turismo.campeche.gob.mx\/index.php?rest_route=\/wp\/v2\/posts\/2889"}],"collection":[{"href":"https:\/\/turismo.campeche.gob.mx\/index.php?rest_route=\/wp\/v2\/posts"}],"about":[{"href":"https:\/\/turismo.campeche.gob.mx\/index.php?rest_route=\/wp\/v2\/types\/post"}],"author":[{"embeddable":true,"href":"https:\/\/turismo.campeche.gob.mx\/index.php?rest_route=\/wp\/v2\/users\/4"}],"replies":[{"embeddable":true,"href":"https:\/\/turismo.campeche.gob.mx\/index.php?rest_route=%2Fwp%2Fv2%2Fcomments&post=2889"}],"version-history":[{"count":1,"href":"https:\/\/turismo.campeche.gob.mx\/index.php?rest_route=\/wp\/v2\/posts\/2889\/revisions"}],"predecessor-version":[{"id":2892,"href":"https:\/\/turismo.campeche.gob.mx\/index.php?rest_route=\/wp\/v2\/posts\/2889\/revisions\/2892"}],"wp:featuredmedia":[{"embeddable":true,"href":"https:\/\/turismo.campeche.gob.mx\/index.php?rest_route=\/wp\/v2\/media\/2891"}],"wp:attachment":[{"href":"https:\/\/turismo.campeche.gob.mx\/index.php?rest_route=%2Fwp%2Fv2%2Fmedia&parent=2889"}],"wp:term":[{"taxonomy":"category","embeddable":true,"href":"https:\/\/turismo.campeche.gob.mx\/index.php?rest_route=%2Fwp%2Fv2%2Fcategories&post=2889"},{"taxonomy":"post_tag","embeddable":true,"href":"https:\/\/turismo.campeche.gob.mx\/index.php?rest_route=%2Fwp%2Fv2%2Ftags&post=2889"}],"curies":[{"name":"wp","href":"https:\/\/api.w.org\/{rel}","templated":true}]}}