{"id":2880,"date":"2026-03-06T11:49:26","date_gmt":"2026-03-06T17:49:26","guid":{"rendered":"https:\/\/turismo.campeche.gob.mx\/?p=2880"},"modified":"2026-03-09T11:52:41","modified_gmt":"2026-03-09T17:52:41","slug":"presentacion-de-destino-campeche-comparte-su-cultura-gastronomia-y-tradiciones-en-queretaro","status":"publish","type":"post","link":"https:\/\/turismo.campeche.gob.mx\/?p=2880","title":{"rendered":"Presentaci\u00f3n de destino: Campeche comparte su cultura, gastronom\u00eda y tradiciones en Quer\u00e9taro"},"content":{"rendered":"\n<p>La Secretar\u00eda de Turismo del Estado de Campeche, encabezada por su titular, Adda Sol\u00eds Peniche, llev\u00f3 a cabo una \ud835\udc29\ud835\udc2b\ud835\udc1e\ud835\udc2c\ud835\udc1e\ud835\udc27\ud835\udc2d\ud835\udc1a\ud835\udc1c\ud835\udc22\u00f3\ud835\udc27 \ud835\udc1d\ud835\udc1e \ud835\udc1d\ud835\udc1e\ud835\udc2c\ud835\udc2d\ud835\udc22\ud835\udc27\ud835\udc28 en la ciudad de Quer\u00e9taro, con el objetivo de promover la riqueza cultural, gastron\u00f3mica y natural del estado ante representantes del sector tur\u00edstico.<\/p>\n\n\n\n<p>Durante el encuentro se compartieron las principales experiencias que ofrece Campeche, desde su ciudad amurallada y Pueblos M\u00e1gicos hasta su gastronom\u00eda y tradiciones. En el evento tambi\u00e9n estuvo presente la secretaria de Turismo de Quer\u00e9taro, Adriana Vega V\u00e1zquez Mellado, fortaleciendo los lazos de colaboraci\u00f3n para impulsar la \ud835\udc29\ud835\udc2b\ud835\udc28\ud835\udc26\ud835\udc28\ud835\udc1c\ud835\udc22\u00f3\ud835\udc27 \ud835\udc2d\ud835\udc2e\ud835\udc2b\u00ed\ud835\udc2c\ud835\udc2d\ud835\udc22\ud835\udc1c\ud835\udc1a entre ambos destinos.<\/p>\n\n\n\n<p><a href=\"https:\/\/www.facebook.com\/hashtag\/elturismosomostodos?__eep__=6&amp;__cft__[0]=AZbLSD8IAQ6GvWLyUfdxILgmNs6ArmRbb7ICtOhFFMUlLSfUEOzR6yvt3DuKISzTVZUTkqQJN8M6-UK-vNceEGngOdVLHxFvKWtLkYeoaS-3FfqqmcGkNB6Bl9HmB78TNH-L0quFZVVFT6wE9zHZzbBG9A-uoRspLGm-oqNroBFSTA&amp;__tn__=*NK-R\">#ElTurismoSomosTodos<\/a><\/p>\n\n\n\n<figure class=\"wp-block-image size-full\"><img loading=\"lazy\" decoding=\"async\" width=\"1024\" height=\"683\" src=\"https:\/\/turismo.campeche.gob.mx\/wp-content\/uploads\/649179562_1234894548795099_2997740223952743201_n.jpg\" alt=\"\" class=\"wp-image-2881\" srcset=\"https:\/\/turismo.campeche.gob.mx\/wp-content\/uploads\/649179562_1234894548795099_2997740223952743201_n.jpg 1024w, https:\/\/turismo.campeche.gob.mx\/wp-content\/uploads\/649179562_1234894548795099_2997740223952743201_n-980x654.jpg 980w, https:\/\/turismo.campeche.gob.mx\/wp-content\/uploads\/649179562_1234894548795099_2997740223952743201_n-480x320.jpg 480w\" sizes=\"(min-width: 0px) and (max-width: 480px) 480px, (min-width: 481px) and (max-width: 980px) 980px, (min-width: 981px) 1024px, 100vw\" \/><\/figure>\n","protected":false},"excerpt":{"rendered":"<p>La Secretar\u00eda de Turismo del Estado de Campeche, encabezada por su titular, Adda Sol\u00eds Peniche, llev\u00f3 a cabo una \ud835\udc29\ud835\udc2b\ud835\udc1e\ud835\udc2c\ud835\udc1e\ud835\udc27\ud835\udc2d\ud835\udc1a\ud835\udc1c\ud835\udc22\u00f3\ud835\udc27 \ud835\udc1d\ud835\udc1e \ud835\udc1d\ud835\udc1e\ud835\udc2c\ud835\udc2d\ud835\udc22\ud835\udc27\ud835\udc28 en la ciudad de Quer\u00e9taro, con el objetivo de promover la riqueza cultural, gastron\u00f3mica y natural del estado ante representantes del sector tur\u00edstico. Durante el encuentro se compartieron las principales experiencias que ofrece [&hellip;]<\/p>\n","protected":false},"author":4,"featured_media":2882,"comment_status":"open","ping_status":"open","sticky":false,"template":"","format":"standard","meta":{"_acf_changed":false,"_et_pb_use_builder":"off","_et_pb_old_content":"","_et_gb_content_width":"","inline_featured_image":false,"footnotes":""},"categories":[37],"tags":[],"acf":[],"_links":{"self":[{"href":"https:\/\/turismo.campeche.gob.mx\/index.php?rest_route=\/wp\/v2\/posts\/2880"}],"collection":[{"href":"https:\/\/turismo.campeche.gob.mx\/index.php?rest_route=\/wp\/v2\/posts"}],"about":[{"href":"https:\/\/turismo.campeche.gob.mx\/index.php?rest_route=\/wp\/v2\/types\/post"}],"author":[{"embeddable":true,"href":"https:\/\/turismo.campeche.gob.mx\/index.php?rest_route=\/wp\/v2\/users\/4"}],"replies":[{"embeddable":true,"href":"https:\/\/turismo.campeche.gob.mx\/index.php?rest_route=%2Fwp%2Fv2%2Fcomments&post=2880"}],"version-history":[{"count":1,"href":"https:\/\/turismo.campeche.gob.mx\/index.php?rest_route=\/wp\/v2\/posts\/2880\/revisions"}],"predecessor-version":[{"id":2883,"href":"https:\/\/turismo.campeche.gob.mx\/index.php?rest_route=\/wp\/v2\/posts\/2880\/revisions\/2883"}],"wp:featuredmedia":[{"embeddable":true,"href":"https:\/\/turismo.campeche.gob.mx\/index.php?rest_route=\/wp\/v2\/media\/2882"}],"wp:attachment":[{"href":"https:\/\/turismo.campeche.gob.mx\/index.php?rest_route=%2Fwp%2Fv2%2Fmedia&parent=2880"}],"wp:term":[{"taxonomy":"category","embeddable":true,"href":"https:\/\/turismo.campeche.gob.mx\/index.php?rest_route=%2Fwp%2Fv2%2Fcategories&post=2880"},{"taxonomy":"post_tag","embeddable":true,"href":"https:\/\/turismo.campeche.gob.mx\/index.php?rest_route=%2Fwp%2Fv2%2Ftags&post=2880"}],"curies":[{"name":"wp","href":"https:\/\/api.w.org\/{rel}","templated":true}]}}