{"id":2868,"date":"2026-03-06T11:39:39","date_gmt":"2026-03-06T17:39:39","guid":{"rendered":"https:\/\/turismo.campeche.gob.mx\/?p=2868"},"modified":"2026-03-09T11:43:17","modified_gmt":"2026-03-09T17:43:17","slug":"campeche-sera-sede-de-la-lxiii-asamblea-nacional-de-fenapsime","status":"publish","type":"post","link":"https:\/\/turismo.campeche.gob.mx\/?p=2868","title":{"rendered":"Campeche ser\u00e1 sede de la LXIII Asamblea Nacional de FENAPSIME"},"content":{"rendered":"\n<p>Del \ud835\udfed\ud835\udfee \ud835\uddee\ud835\uddf9 \ud835\udfed\ud835\udff0 \ud835\uddf1\ud835\uddf2 \ud835\uddfa\ud835\uddee\ud835\uddff\ud835\ude07\ud835\uddfc \ud835\uddf1\ud835\uddf2 \ud835\udfee\ud835\udfec\ud835\udfee\ud835\udff2, la ciudad de San Francisco de Campeche recibir\u00e1 a representantes de aproximadamente 30 colegios de psic\u00f3logos de toda la Rep\u00fablica Mexicana, en el marco de la \ud835\udddf\ud835\uddeb\ud835\udddc\ud835\udddc\ud835\udddc \ud835\uddd4\ud835\ude00\ud835\uddee\ud835\uddfa\ud835\uddef\ud835\uddf9\ud835\uddf2\ud835\uddee \ud835\udde1\ud835\uddee\ud835\uddf0\ud835\uddf6\ud835\uddfc\ud835\uddfb\ud835\uddee\ud835\uddf9 \ud835\udde2\ud835\uddff\ud835\uddf1\ud835\uddf6\ud835\uddfb\ud835\uddee\ud835\uddff\ud835\uddf6\ud835\uddee \ud835\uddf1\ud835\uddf2 \ud835\uddd9\ud835\uddd8\ud835\udde1\ud835\uddd4\ud835\udde3\ud835\udde6\ud835\udddc\ud835\udde0\ud835\uddd8.<\/p>\n\n\n\n<p>Por primera vez, nuestro estado ser\u00e1 sede de este encuentro acad\u00e9mico y profesional que reunir\u00e1 a integrantes del Federaci\u00f3n Nacional de Colegios, Sociedades y Asociaciones de Psic\u00f3logos de M\u00e9xico (FENAPSIME), as\u00ed como a representantes de su Consejo de Honor y Justicia y del Comit\u00e9 Ejecutivo Nacional.<\/p>\n\n\n\n<p>Durante tres d\u00edas se llevar\u00e1n a cabo jornadas de trabajo institucional, ponencias y reuniones entre colegios y asociaciones afiliadas, fortaleciendo el intercambio de conocimientos y la colaboraci\u00f3n entre profesionales de la psicolog\u00eda de todo el pa\u00eds.<\/p>\n\n\n\n<p><a href=\"https:\/\/www.facebook.com\/hashtag\/campeche?__eep__=6&amp;__cft__[0]=AZbFHBgnlP87GldEzRfUJHmrLUYeBXpuyjkwOKm_9b-kFmvYUeU53anfD5VTCb6GRSexKogqrcze9vV24LPPZ9qt08N2hCw4Ce_A6n8FJlYYO010-E14K0WuV1VPpJxEf7peDEdw9sqXULINJMsUKZSTtRe_ZICf7fUfvEU3utL7-iHvLrBrHt20tUdQ7NNxGZg&amp;__tn__=*NK-R\">#Campeche<\/a><a href=\"https:\/\/www.facebook.com\/hashtag\/turismodereuniones?__eep__=6&amp;__cft__[0]=AZbFHBgnlP87GldEzRfUJHmrLUYeBXpuyjkwOKm_9b-kFmvYUeU53anfD5VTCb6GRSexKogqrcze9vV24LPPZ9qt08N2hCw4Ce_A6n8FJlYYO010-E14K0WuV1VPpJxEf7peDEdw9sqXULINJMsUKZSTtRe_ZICf7fUfvEU3utL7-iHvLrBrHt20tUdQ7NNxGZg&amp;__tn__=*NK-R\">#TurismoDeReuniones<\/a><a href=\"https:\/\/www.facebook.com\/hashtag\/elturismosomostodos?__eep__=6&amp;__cft__[0]=AZbFHBgnlP87GldEzRfUJHmrLUYeBXpuyjkwOKm_9b-kFmvYUeU53anfD5VTCb6GRSexKogqrcze9vV24LPPZ9qt08N2hCw4Ce_A6n8FJlYYO010-E14K0WuV1VPpJxEf7peDEdw9sqXULINJMsUKZSTtRe_ZICf7fUfvEU3utL7-iHvLrBrHt20tUdQ7NNxGZg&amp;__tn__=*NK-R\">#ElTurismoSomosTodos<\/a><\/p>\n","protected":false},"excerpt":{"rendered":"<p>Del \ud835\udfed\ud835\udfee \ud835\uddee\ud835\uddf9 \ud835\udfed\ud835\udff0 \ud835\uddf1\ud835\uddf2 \ud835\uddfa\ud835\uddee\ud835\uddff\ud835\ude07\ud835\uddfc \ud835\uddf1\ud835\uddf2 \ud835\udfee\ud835\udfec\ud835\udfee\ud835\udff2, la ciudad de San Francisco de Campeche recibir\u00e1 a representantes de aproximadamente 30 colegios de psic\u00f3logos de toda la Rep\u00fablica Mexicana, en el marco de la \ud835\udddf\ud835\uddeb\ud835\udddc\ud835\udddc\ud835\udddc \ud835\uddd4\ud835\ude00\ud835\uddee\ud835\uddfa\ud835\uddef\ud835\uddf9\ud835\uddf2\ud835\uddee \ud835\udde1\ud835\uddee\ud835\uddf0\ud835\uddf6\ud835\uddfc\ud835\uddfb\ud835\uddee\ud835\uddf9 \ud835\udde2\ud835\uddff\ud835\uddf1\ud835\uddf6\ud835\uddfb\ud835\uddee\ud835\uddff\ud835\uddf6\ud835\uddee \ud835\uddf1\ud835\uddf2 \ud835\uddd9\ud835\uddd8\ud835\udde1\ud835\uddd4\ud835\udde3\ud835\udde6\ud835\udddc\ud835\udde0\ud835\uddd8. Por primera vez, nuestro estado ser\u00e1 sede de este encuentro acad\u00e9mico y profesional que reunir\u00e1 [&hellip;]<\/p>\n","protected":false},"author":4,"featured_media":2869,"comment_status":"open","ping_status":"open","sticky":false,"template":"","format":"standard","meta":{"_acf_changed":false,"_et_pb_use_builder":"off","_et_pb_old_content":"","_et_gb_content_width":"","inline_featured_image":false,"footnotes":""},"categories":[37],"tags":[],"acf":[],"_links":{"self":[{"href":"https:\/\/turismo.campeche.gob.mx\/index.php?rest_route=\/wp\/v2\/posts\/2868"}],"collection":[{"href":"https:\/\/turismo.campeche.gob.mx\/index.php?rest_route=\/wp\/v2\/posts"}],"about":[{"href":"https:\/\/turismo.campeche.gob.mx\/index.php?rest_route=\/wp\/v2\/types\/post"}],"author":[{"embeddable":true,"href":"https:\/\/turismo.campeche.gob.mx\/index.php?rest_route=\/wp\/v2\/users\/4"}],"replies":[{"embeddable":true,"href":"https:\/\/turismo.campeche.gob.mx\/index.php?rest_route=%2Fwp%2Fv2%2Fcomments&post=2868"}],"version-history":[{"count":1,"href":"https:\/\/turismo.campeche.gob.mx\/index.php?rest_route=\/wp\/v2\/posts\/2868\/revisions"}],"predecessor-version":[{"id":2870,"href":"https:\/\/turismo.campeche.gob.mx\/index.php?rest_route=\/wp\/v2\/posts\/2868\/revisions\/2870"}],"wp:featuredmedia":[{"embeddable":true,"href":"https:\/\/turismo.campeche.gob.mx\/index.php?rest_route=\/wp\/v2\/media\/2869"}],"wp:attachment":[{"href":"https:\/\/turismo.campeche.gob.mx\/index.php?rest_route=%2Fwp%2Fv2%2Fmedia&parent=2868"}],"wp:term":[{"taxonomy":"category","embeddable":true,"href":"https:\/\/turismo.campeche.gob.mx\/index.php?rest_route=%2Fwp%2Fv2%2Fcategories&post=2868"},{"taxonomy":"post_tag","embeddable":true,"href":"https:\/\/turismo.campeche.gob.mx\/index.php?rest_route=%2Fwp%2Fv2%2Ftags&post=2868"}],"curies":[{"name":"wp","href":"https:\/\/api.w.org\/{rel}","templated":true}]}}