{"id":2858,"date":"2026-03-05T08:45:04","date_gmt":"2026-03-05T14:45:04","guid":{"rendered":"https:\/\/turismo.campeche.gob.mx\/?p=2858"},"modified":"2026-03-09T08:46:58","modified_gmt":"2026-03-09T14:46:58","slug":"alianza-educativa-para-impulsar-el-talento-joven-en-el-sector-turistico","status":"publish","type":"post","link":"https:\/\/turismo.campeche.gob.mx\/?p=2858","title":{"rendered":"Alianza educativa para impulsar el talento joven en el sector tur\u00edstico"},"content":{"rendered":"\n<p>Con el objetivo de fortalecer la formaci\u00f3n acad\u00e9mica y profesional de las y los estudiantes, la Secretar\u00eda de Turismo de Campeche firm\u00f3 un \ud835\udc1c\ud835\udc28\ud835\udc27\ud835\udc2f\ud835\udc1e\ud835\udc27\ud835\udc22\ud835\udc28 \ud835\udc1d\ud835\udc1e \ud835\udc1c\ud835\udc28\ud835\udc25\ud835\udc1a\ud835\udc1b\ud835\udc28\ud835\udc2b\ud835\udc1a\ud835\udc1c\ud835\udc22\u00f3\ud835\udc27 con el Instituto Tecnol\u00f3gico Superior de Esc\u00e1rcega.<\/p>\n\n\n\n<p>Este importante acuerdo fue encabezado por nuestra titular, Adda del Rub\u00ed Sol\u00eds Peniche, y el director del Instituto, Dany Alejandro Dzib Cauich, consolidando un \ud835\udc2d\ud835\udc2b\ud835\udc1a\ud835\udc1b\ud835\udc1a\ud835\udc23\ud835\udc28 \ud835\udc1c\ud835\udc28\ud835\udc27\ud835\udc23\ud835\udc2e\ud835\udc27\ud835\udc2d\ud835\udc28 en favor del talento joven campechano.<\/p>\n\n\n\n<p>A trav\u00e9s de esta alianza \ud835\udc22\ud835\udc26\ud835\udc29\ud835\udc2e\ud835\udc25\ud835\udc2c\ud835\udc1a\ud835\udc26\ud835\udc28\ud835\udc2c \ud835\udc26\u00e1\ud835\udc2c \ud835\udc28\ud835\udc29\ud835\udc28\ud835\udc2b\ud835\udc2d\ud835\udc2e\ud835\udc27\ud835\udc22\ud835\udc1d\ud835\udc1a\ud835\udc1d\ud835\udc1e\ud835\udc2c para las y los estudiantes, como visitas acad\u00e9micas, servicio social, residencias profesionales, educaci\u00f3n dual y proyectos de investigaci\u00f3n. Adem\u00e1s, fomentamos la participaci\u00f3n docente en iniciativas cient\u00edficas y tecnol\u00f3gicas que fortalezcan la vinculaci\u00f3n entre el sector educativo y el sector tur\u00edstico.<\/p>\n\n\n\n<p><a href=\"https:\/\/www.facebook.com\/hashtag\/elturismosomostodos?__eep__=6&amp;__cft__[0]=AZbFpFtO66aVg8A3N-lSaXytbEvGXKXJNDThdCHYDcW37gULfWWltj31vdN7FYi0RGFlcD2zzJWDN24Ir19UBl7QuR8OKNVQOv0pZ_Uo6KyarRPIcvUHr2amdqUBAiQS3P7Yq4q4LdJepDECH1qAfBVurAlzS-PT8MbiTYbiAOOnADwvqJK1-2MyVNsabROPwQI&amp;__tn__=*NK-R\">#ElTurismoSomosTodos<\/a><a href=\"https:\/\/www.facebook.com\/hashtag\/gobiernodetodos?__eep__=6&amp;__cft__[0]=AZbFpFtO66aVg8A3N-lSaXytbEvGXKXJNDThdCHYDcW37gULfWWltj31vdN7FYi0RGFlcD2zzJWDN24Ir19UBl7QuR8OKNVQOv0pZ_Uo6KyarRPIcvUHr2amdqUBAiQS3P7Yq4q4LdJepDECH1qAfBVurAlzS-PT8MbiTYbiAOOnADwvqJK1-2MyVNsabROPwQI&amp;__tn__=*NK-R\">#GobiernoDeTodos<\/a><\/p>\n\n\n\n<figure class=\"wp-block-image size-full\"><img loading=\"lazy\" decoding=\"async\" width=\"590\" height=\"394\" src=\"https:\/\/turismo.campeche.gob.mx\/wp-content\/uploads\/645169529_1231712085780012_5156413709435467673_n-1.jpg\" alt=\"\" class=\"wp-image-2861\" srcset=\"https:\/\/turismo.campeche.gob.mx\/wp-content\/uploads\/645169529_1231712085780012_5156413709435467673_n-1.jpg 590w, https:\/\/turismo.campeche.gob.mx\/wp-content\/uploads\/645169529_1231712085780012_5156413709435467673_n-1-480x321.jpg 480w\" sizes=\"(min-width: 0px) and (max-width: 480px) 480px, (min-width: 481px) 590px, 100vw\" \/><\/figure>\n","protected":false},"excerpt":{"rendered":"<p>Con el objetivo de fortalecer la formaci\u00f3n acad\u00e9mica y profesional de las y los estudiantes, la Secretar\u00eda de Turismo de Campeche firm\u00f3 un \ud835\udc1c\ud835\udc28\ud835\udc27\ud835\udc2f\ud835\udc1e\ud835\udc27\ud835\udc22\ud835\udc28 \ud835\udc1d\ud835\udc1e \ud835\udc1c\ud835\udc28\ud835\udc25\ud835\udc1a\ud835\udc1b\ud835\udc28\ud835\udc2b\ud835\udc1a\ud835\udc1c\ud835\udc22\u00f3\ud835\udc27 con el Instituto Tecnol\u00f3gico Superior de Esc\u00e1rcega. Este importante acuerdo fue encabezado por nuestra titular, Adda del Rub\u00ed Sol\u00eds Peniche, y el director del Instituto, Dany Alejandro Dzib Cauich, [&hellip;]<\/p>\n","protected":false},"author":4,"featured_media":2860,"comment_status":"open","ping_status":"open","sticky":false,"template":"","format":"standard","meta":{"_acf_changed":false,"_et_pb_use_builder":"off","_et_pb_old_content":"","_et_gb_content_width":"","inline_featured_image":false,"footnotes":""},"categories":[37],"tags":[],"acf":[],"_links":{"self":[{"href":"https:\/\/turismo.campeche.gob.mx\/index.php?rest_route=\/wp\/v2\/posts\/2858"}],"collection":[{"href":"https:\/\/turismo.campeche.gob.mx\/index.php?rest_route=\/wp\/v2\/posts"}],"about":[{"href":"https:\/\/turismo.campeche.gob.mx\/index.php?rest_route=\/wp\/v2\/types\/post"}],"author":[{"embeddable":true,"href":"https:\/\/turismo.campeche.gob.mx\/index.php?rest_route=\/wp\/v2\/users\/4"}],"replies":[{"embeddable":true,"href":"https:\/\/turismo.campeche.gob.mx\/index.php?rest_route=%2Fwp%2Fv2%2Fcomments&post=2858"}],"version-history":[{"count":1,"href":"https:\/\/turismo.campeche.gob.mx\/index.php?rest_route=\/wp\/v2\/posts\/2858\/revisions"}],"predecessor-version":[{"id":2862,"href":"https:\/\/turismo.campeche.gob.mx\/index.php?rest_route=\/wp\/v2\/posts\/2858\/revisions\/2862"}],"wp:featuredmedia":[{"embeddable":true,"href":"https:\/\/turismo.campeche.gob.mx\/index.php?rest_route=\/wp\/v2\/media\/2860"}],"wp:attachment":[{"href":"https:\/\/turismo.campeche.gob.mx\/index.php?rest_route=%2Fwp%2Fv2%2Fmedia&parent=2858"}],"wp:term":[{"taxonomy":"category","embeddable":true,"href":"https:\/\/turismo.campeche.gob.mx\/index.php?rest_route=%2Fwp%2Fv2%2Fcategories&post=2858"},{"taxonomy":"post_tag","embeddable":true,"href":"https:\/\/turismo.campeche.gob.mx\/index.php?rest_route=%2Fwp%2Fv2%2Ftags&post=2858"}],"curies":[{"name":"wp","href":"https:\/\/api.w.org\/{rel}","templated":true}]}}