{"id":2848,"date":"2026-03-04T08:38:42","date_gmt":"2026-03-04T14:38:42","guid":{"rendered":"https:\/\/turismo.campeche.gob.mx\/?p=2848"},"modified":"2026-03-09T08:40:08","modified_gmt":"2026-03-09T14:40:08","slug":"campeche-avanza-hacia-un-turismo-mas-moderno-y-digital","status":"publish","type":"post","link":"https:\/\/turismo.campeche.gob.mx\/?p=2848","title":{"rendered":"Campeche avanza hacia un turismo m\u00e1s moderno y digital"},"content":{"rendered":"\n<p>Me reun\u00ed con Luisa Hern\u00e1ndez Hern\u00e1ndez, directora regional de Gobierno Sureste de <a href=\"https:\/\/www.facebook.com\/bbvaenmexico?__cft__[0]=AZZ_V7RX-BiR6EBM-FBnP9-9VopcMQ6vVJdJKVkoIBO3idwg0Pb7NvHNmmshxJg8wRNA1pUGzU1mf2FD-nY12lnX4XDcxgj6jzm0yiYfP7pgeuizqYrKYZ5f0yxAiZsvyONcQsFB-0J8GIIXp1z3EOVTvPuw6ztkTbQAcxRHLukpD68i7y2VIQc0q8UJk1KVXbsxic0ZyiC5YyTqatdmuGUDz6gmyM-5wmaQGFwYxjF3sg&amp;__tn__=-]K-y-R\">BBVA<\/a>, para dar seguimiento a la estrategia \u201cAvanzamos por M\u00e9xico\u201d, en coordinaci\u00f3n con <a href=\"https:\/\/www.facebook.com\/SECTUR.MX?__cft__[0]=AZZ_V7RX-BiR6EBM-FBnP9-9VopcMQ6vVJdJKVkoIBO3idwg0Pb7NvHNmmshxJg8wRNA1pUGzU1mf2FD-nY12lnX4XDcxgj6jzm0yiYfP7pgeuizqYrKYZ5f0yxAiZsvyONcQsFB-0J8GIIXp1z3EOVTvPuw6ztkTbQAcxRHLukpD68i7y2VIQc0q8UJk1KVXbsxic0ZyiC5YyTqatdmuGUDz6gmyM-5wmaQGFwYxjF3sg&amp;__tn__=-]K-y-R\">Secretar\u00eda de Turismo de M\u00e9xico<\/a>.<\/p>\n\n\n\n<p>Trabajamos en acciones para \ud835\uddf3\ud835\uddfc\ud835\uddff\ud835\ude01\ud835\uddee\ud835\uddf9\ud835\uddf2\ud835\uddf0\ud835\uddf2\ud835\uddff \ud835\uddf9\ud835\uddee \ud835\uddf1\ud835\uddf6\ud835\uddf4\ud835\uddf6\ud835\ude01\ud835\uddee\ud835\uddf9\ud835\uddf6\ud835\ude07\ud835\uddee\ud835\uddf0\ud835\uddf6\ud835\uddfc\u0301\ud835\uddfb \ud835\uddf1\ud835\uddf2 \ud835\uddf9\ud835\uddfc\ud835\ude00 \ud835\udde3\ud835\ude02\ud835\uddf2\ud835\uddef\ud835\uddf9\ud835\uddfc\ud835\ude00 \ud835\udde0\ud835\uddee\u0301\ud835\uddf4\ud835\uddf6\ud835\uddf0\ud835\uddfc\ud835\ude00 \ud835\ude06 \ud835\uddfd\ud835\uddff\ud835\uddf6\ud835\uddfb\ud835\uddf0\ud835\uddf6\ud835\uddfd\ud835\uddee\ud835\uddf9\ud835\uddf2\ud835\ude00 \ud835\uddf1\ud835\uddf2\ud835\ude00\ud835\ude01\ud835\uddf6\ud835\uddfb\ud835\uddfc\ud835\ude00 \ud835\uddf1\ud835\uddf2 \ud835\uddd6\ud835\uddee\ud835\uddfa\ud835\uddfd\ud835\uddf2\ud835\uddf0\ud835\uddf5\ud835\uddf2, as\u00ed como en esquemas de \ud835\uddf0\ud835\uddee\ud835\uddfd\ud835\uddee\ud835\uddf0\ud835\uddf6\ud835\ude01\ud835\uddee\ud835\uddf0\ud835\uddf6\ud835\uddfc\u0301\ud835\uddfb \ud835\uddfd\ud835\uddee\ud835\uddff\ud835\uddee \ud835\uddfd\ud835\uddff\ud835\uddf2\ud835\ude00\ud835\ude01\ud835\uddee\ud835\uddf1\ud835\uddfc\ud835\uddff\ud835\uddf2\ud835\ude00 \ud835\uddf1\ud835\uddf2 \ud835\ude00\ud835\uddf2\ud835\uddff\ud835\ude03\ud835\uddf6\ud835\uddf0\ud835\uddf6\ud835\uddfc\ud835\ude00 \ud835\ude01\ud835\ude02\ud835\uddff\ud835\uddf6\u0301\ud835\ude00\ud835\ude01\ud835\uddf6\ud835\uddf0\ud835\uddfc\ud835\ude00 que impulsen la innovaci\u00f3n, la competitividad y una mejor experiencia para quienes nos visitan.<\/p>\n\n\n\n<p>Seguimos construyendo un turismo m\u00e1s moderno, preparado y con prosperidad compartida.<\/p>\n\n\n\n<p><a href=\"https:\/\/www.facebook.com\/hashtag\/campechepuroamor?__eep__=6&amp;__cft__[0]=AZZ_V7RX-BiR6EBM-FBnP9-9VopcMQ6vVJdJKVkoIBO3idwg0Pb7NvHNmmshxJg8wRNA1pUGzU1mf2FD-nY12lnX4XDcxgj6jzm0yiYfP7pgeuizqYrKYZ5f0yxAiZsvyONcQsFB-0J8GIIXp1z3EOVTvPuw6ztkTbQAcxRHLukpD68i7y2VIQc0q8UJk1KVXbsxic0ZyiC5YyTqatdmuGUDz6gmyM-5wmaQGFwYxjF3sg&amp;__tn__=*NK-y-R\">#CampechePuroAmor<\/a><a href=\"https:\/\/www.facebook.com\/hashtag\/elturismosomostodos?__eep__=6&amp;__cft__[0]=AZZ_V7RX-BiR6EBM-FBnP9-9VopcMQ6vVJdJKVkoIBO3idwg0Pb7NvHNmmshxJg8wRNA1pUGzU1mf2FD-nY12lnX4XDcxgj6jzm0yiYfP7pgeuizqYrKYZ5f0yxAiZsvyONcQsFB-0J8GIIXp1z3EOVTvPuw6ztkTbQAcxRHLukpD68i7y2VIQc0q8UJk1KVXbsxic0ZyiC5YyTqatdmuGUDz6gmyM-5wmaQGFwYxjF3sg&amp;__tn__=*NK-y-R\">#ElTurismoSomosTodos<\/a><\/p>\n\n\n\n<figure class=\"wp-block-image size-large\"><img loading=\"lazy\" decoding=\"async\" width=\"1024\" height=\"768\" src=\"https:\/\/turismo.campeche.gob.mx\/wp-content\/uploads\/648122670_122126021121056685_4635445459003236789_n-1-1024x768.jpg\" alt=\"\" class=\"wp-image-2851\" srcset=\"https:\/\/turismo.campeche.gob.mx\/wp-content\/uploads\/648122670_122126021121056685_4635445459003236789_n-1-980x735.jpg 980w, https:\/\/turismo.campeche.gob.mx\/wp-content\/uploads\/648122670_122126021121056685_4635445459003236789_n-1-480x360.jpg 480w\" sizes=\"(min-width: 0px) and (max-width: 480px) 480px, (min-width: 481px) and (max-width: 980px) 980px, (min-width: 981px) 1024px, 100vw\" \/><\/figure>\n","protected":false},"excerpt":{"rendered":"<p>Me reun\u00ed con Luisa Hern\u00e1ndez Hern\u00e1ndez, directora regional de Gobierno Sureste de BBVA, para dar seguimiento a la estrategia \u201cAvanzamos por M\u00e9xico\u201d, en coordinaci\u00f3n con Secretar\u00eda de Turismo de M\u00e9xico. Trabajamos en acciones para \ud835\uddf3\ud835\uddfc\ud835\uddff\ud835\ude01\ud835\uddee\ud835\uddf9\ud835\uddf2\ud835\uddf0\ud835\uddf2\ud835\uddff \ud835\uddf9\ud835\uddee \ud835\uddf1\ud835\uddf6\ud835\uddf4\ud835\uddf6\ud835\ude01\ud835\uddee\ud835\uddf9\ud835\uddf6\ud835\ude07\ud835\uddee\ud835\uddf0\ud835\uddf6\ud835\uddfc\u0301\ud835\uddfb \ud835\uddf1\ud835\uddf2 \ud835\uddf9\ud835\uddfc\ud835\ude00 \ud835\udde3\ud835\ude02\ud835\uddf2\ud835\uddef\ud835\uddf9\ud835\uddfc\ud835\ude00 \ud835\udde0\ud835\uddee\u0301\ud835\uddf4\ud835\uddf6\ud835\uddf0\ud835\uddfc\ud835\ude00 \ud835\ude06 \ud835\uddfd\ud835\uddff\ud835\uddf6\ud835\uddfb\ud835\uddf0\ud835\uddf6\ud835\uddfd\ud835\uddee\ud835\uddf9\ud835\uddf2\ud835\ude00 \ud835\uddf1\ud835\uddf2\ud835\ude00\ud835\ude01\ud835\uddf6\ud835\uddfb\ud835\uddfc\ud835\ude00 \ud835\uddf1\ud835\uddf2 \ud835\uddd6\ud835\uddee\ud835\uddfa\ud835\uddfd\ud835\uddf2\ud835\uddf0\ud835\uddf5\ud835\uddf2, as\u00ed como en esquemas de \ud835\uddf0\ud835\uddee\ud835\uddfd\ud835\uddee\ud835\uddf0\ud835\uddf6\ud835\ude01\ud835\uddee\ud835\uddf0\ud835\uddf6\ud835\uddfc\u0301\ud835\uddfb \ud835\uddfd\ud835\uddee\ud835\uddff\ud835\uddee \ud835\uddfd\ud835\uddff\ud835\uddf2\ud835\ude00\ud835\ude01\ud835\uddee\ud835\uddf1\ud835\uddfc\ud835\uddff\ud835\uddf2\ud835\ude00 \ud835\uddf1\ud835\uddf2 [&hellip;]<\/p>\n","protected":false},"author":4,"featured_media":2849,"comment_status":"open","ping_status":"open","sticky":false,"template":"","format":"standard","meta":{"_acf_changed":false,"_et_pb_use_builder":"off","_et_pb_old_content":"","_et_gb_content_width":"","inline_featured_image":false,"footnotes":""},"categories":[37],"tags":[],"acf":[],"_links":{"self":[{"href":"https:\/\/turismo.campeche.gob.mx\/index.php?rest_route=\/wp\/v2\/posts\/2848"}],"collection":[{"href":"https:\/\/turismo.campeche.gob.mx\/index.php?rest_route=\/wp\/v2\/posts"}],"about":[{"href":"https:\/\/turismo.campeche.gob.mx\/index.php?rest_route=\/wp\/v2\/types\/post"}],"author":[{"embeddable":true,"href":"https:\/\/turismo.campeche.gob.mx\/index.php?rest_route=\/wp\/v2\/users\/4"}],"replies":[{"embeddable":true,"href":"https:\/\/turismo.campeche.gob.mx\/index.php?rest_route=%2Fwp%2Fv2%2Fcomments&post=2848"}],"version-history":[{"count":1,"href":"https:\/\/turismo.campeche.gob.mx\/index.php?rest_route=\/wp\/v2\/posts\/2848\/revisions"}],"predecessor-version":[{"id":2852,"href":"https:\/\/turismo.campeche.gob.mx\/index.php?rest_route=\/wp\/v2\/posts\/2848\/revisions\/2852"}],"wp:featuredmedia":[{"embeddable":true,"href":"https:\/\/turismo.campeche.gob.mx\/index.php?rest_route=\/wp\/v2\/media\/2849"}],"wp:attachment":[{"href":"https:\/\/turismo.campeche.gob.mx\/index.php?rest_route=%2Fwp%2Fv2%2Fmedia&parent=2848"}],"wp:term":[{"taxonomy":"category","embeddable":true,"href":"https:\/\/turismo.campeche.gob.mx\/index.php?rest_route=%2Fwp%2Fv2%2Fcategories&post=2848"},{"taxonomy":"post_tag","embeddable":true,"href":"https:\/\/turismo.campeche.gob.mx\/index.php?rest_route=%2Fwp%2Fv2%2Ftags&post=2848"}],"curies":[{"name":"wp","href":"https:\/\/api.w.org\/{rel}","templated":true}]}}