{"id":2843,"date":"2026-03-04T08:36:22","date_gmt":"2026-03-04T14:36:22","guid":{"rendered":"https:\/\/turismo.campeche.gob.mx\/?p=2843"},"modified":"2026-04-15T13:20:16","modified_gmt":"2026-04-15T19:20:16","slug":"ovenes-apoyan-la-atencion-turistica-en-el-rally-maya-2026","status":"publish","type":"post","link":"https:\/\/turismo.campeche.gob.mx\/?p=2843","title":{"rendered":"J\u00f3venes apoyan la atenci\u00f3n tur\u00edstica en el Rally Maya 2026"},"content":{"rendered":"\n<p>En el Domo del Jaguar, nuestros chicos de servicio social estuvieron brindando atenci\u00f3n en el m\u00f3dulo de informaci\u00f3n a los participantes y asistentes del Rally Maya 2026. <img loading=\"lazy\" decoding=\"async\" height=\"16\" width=\"16\" src=\"https:\/\/static.xx.fbcdn.net\/images\/emoji.php\/v9\/tec\/1\/16\/1f697.png\" alt=\"\ud83d\ude97\"><\/p>\n\n\n\n<p>Con entusiasmo y compromiso, apoyaron orientando a visitantes y formando parte de este gran evento que impulsa la promoci\u00f3n tur\u00edstica de nuestro estado.<\/p>\n\n\n\n<p>\u00a1Gracias por su dedicaci\u00f3n y por ser parte activa de la experiencia tur\u00edstica!<\/p>\n\n\n\n<p><a href=\"https:\/\/www.facebook.com\/hashtag\/turismosomostodos?__eep__=6&amp;__cft__[0]=AZZnwLL3fEkXpdy1amsh8Muhahtt8dDq74oNedVRg1yAQSz2yLyUcIRQam6Wn5rKZxlaImpK4m4vSdg22ALbCR79n_I7JTcph_dwRI8sHDqlgrXxkuEnE3Ws-2c7QduKenDKA1OR_D6zm2jiEEmfqj4cZvuETv65_T_hITND-sMnCMJjSEaaseUH32REVlyJ1Ro&amp;__tn__=*NK-R\">#TurismoSomosTodos<\/a><\/p>\n\n\n\n<figure class=\"wp-block-image size-large\"><img loading=\"lazy\" decoding=\"async\" width=\"768\" height=\"1024\" src=\"https:\/\/turismo.campeche.gob.mx\/wp-content\/uploads\/645470794_1231429712474916_4187127752110581551_n-1-768x1024.jpg\" alt=\"\" class=\"wp-image-2846\" \/><\/figure>\n","protected":false},"excerpt":{"rendered":"<p>En el Domo del Jaguar, nuestros chicos de servicio social estuvieron brindando atenci\u00f3n en el m\u00f3dulo de informaci\u00f3n a los participantes y asistentes del Rally Maya 2026. Con entusiasmo y compromiso, apoyaron orientando a visitantes y formando parte de este gran evento que impulsa la promoci\u00f3n tur\u00edstica de nuestro estado. \u00a1Gracias por su dedicaci\u00f3n y [&hellip;]<\/p>\n","protected":false},"author":4,"featured_media":2844,"comment_status":"open","ping_status":"open","sticky":false,"template":"","format":"standard","meta":{"_acf_changed":false,"_et_pb_use_builder":"off","_et_pb_old_content":"","_et_gb_content_width":"","inline_featured_image":false,"footnotes":""},"categories":[37],"tags":[],"acf":[],"_links":{"self":[{"href":"https:\/\/turismo.campeche.gob.mx\/index.php?rest_route=\/wp\/v2\/posts\/2843"}],"collection":[{"href":"https:\/\/turismo.campeche.gob.mx\/index.php?rest_route=\/wp\/v2\/posts"}],"about":[{"href":"https:\/\/turismo.campeche.gob.mx\/index.php?rest_route=\/wp\/v2\/types\/post"}],"author":[{"embeddable":true,"href":"https:\/\/turismo.campeche.gob.mx\/index.php?rest_route=\/wp\/v2\/users\/4"}],"replies":[{"embeddable":true,"href":"https:\/\/turismo.campeche.gob.mx\/index.php?rest_route=%2Fwp%2Fv2%2Fcomments&post=2843"}],"version-history":[{"count":2,"href":"https:\/\/turismo.campeche.gob.mx\/index.php?rest_route=\/wp\/v2\/posts\/2843\/revisions"}],"predecessor-version":[{"id":3043,"href":"https:\/\/turismo.campeche.gob.mx\/index.php?rest_route=\/wp\/v2\/posts\/2843\/revisions\/3043"}],"wp:featuredmedia":[{"embeddable":true,"href":"https:\/\/turismo.campeche.gob.mx\/index.php?rest_route=\/wp\/v2\/media\/2844"}],"wp:attachment":[{"href":"https:\/\/turismo.campeche.gob.mx\/index.php?rest_route=%2Fwp%2Fv2%2Fmedia&parent=2843"}],"wp:term":[{"taxonomy":"category","embeddable":true,"href":"https:\/\/turismo.campeche.gob.mx\/index.php?rest_route=%2Fwp%2Fv2%2Fcategories&post=2843"},{"taxonomy":"post_tag","embeddable":true,"href":"https:\/\/turismo.campeche.gob.mx\/index.php?rest_route=%2Fwp%2Fv2%2Ftags&post=2843"}],"curies":[{"name":"wp","href":"https:\/\/api.w.org\/{rel}","templated":true}]}}