{"id":2838,"date":"2026-03-04T08:33:31","date_gmt":"2026-03-04T14:33:31","guid":{"rendered":"https:\/\/turismo.campeche.gob.mx\/?p=2838"},"modified":"2026-03-09T08:35:55","modified_gmt":"2026-03-09T14:35:55","slug":"escarcega-se-suma-al-fortalecimiento-del-turismo-comunitario-en-campeche","status":"publish","type":"post","link":"https:\/\/turismo.campeche.gob.mx\/?p=2838","title":{"rendered":"Esc\u00e1rcega se suma al fortalecimiento del turismo comunitario en Campeche"},"content":{"rendered":"\n<p>Con el objetivo de fortalecer la \ud835\udc11\ud835\udc1e\ud835\udc1d \ud835\udc1d\ud835\udc1e \ud835\udc13\ud835\udc2e\ud835\udc2b\ud835\udc22\ud835\udc2c\ud835\udc26\ud835\udc28 \ud835\udc02\ud835\udc28\ud835\udc26\ud835\udc2e\ud835\udc27\ud835\udc22\ud835\udc2d\ud835\udc1a\ud835\udc2b\ud835\udc22\ud835\udc28, realizamos una gira de trabajo en el municipio de Esc\u00e1rcega.<\/p>\n\n\n\n<p>Encabezados por nuestra titular, Adda Sol\u00eds Peniche, y acompa\u00f1ados por el alcalde Juan Carlos Hern\u00e1ndez Rath, llevamos a cabo la inauguraci\u00f3n del \ud835\udc26\ud835\udc1a\ud835\udc29\ud835\udc1a \ud835\udc2d\ud835\udc2e\ud835\udc2b\u00ed\ud835\udc2c\ud835\udc2d\ud835\udc22\ud835\udc1c\ud835\udc28 del municipio, adem\u00e1s de sostener una mesa de trabajo con prestadores de servicios tur\u00edsticos.<\/p>\n\n\n\n<p>Tambi\u00e9n recorrimos espacios de artesan\u00edas locales, reconociendo el gran \ud835\udc2f\ud835\udc1a\ud835\udc25\ud835\udc28\ud835\udc2b \ud835\udc1c\ud835\udc2e\ud835\udc25\ud835\udc2d\ud835\udc2e\ud835\udc2b\ud835\udc1a\ud835\udc25 de nuestras y nuestros artesanos.<\/p>\n\n\n\n<p><a href=\"https:\/\/www.facebook.com\/hashtag\/elturismosomostodos?__eep__=6&amp;__cft__[0]=AZZb0LxPwTZwfXtee3rcInn47-xZRk15OauB5DLQMx1OPxnpyssJ4kNto_x6VyX6DK3HHWBGnRA_WPxXNwn4hMqOOlUxiuAtM0IzQKO0IfMVWk6Je4FLRnEkTM5tsTdreDP1bP34x5VX3-Y0LGNK_fEhqDtp-kKA54f8PoQogFwmj2_WgXTUkf5ZvmFjA7KiG-8&amp;__tn__=*NK-R\">#ElTurismoSomosTodos<\/a><\/p>\n\n\n\n<figure class=\"wp-block-image size-full\"><img loading=\"lazy\" decoding=\"async\" width=\"1024\" height=\"683\" src=\"https:\/\/turismo.campeche.gob.mx\/wp-content\/uploads\/645211954_1231298605821360_6469656670771035430_n-1.jpg\" alt=\"\" class=\"wp-image-2841\" srcset=\"https:\/\/turismo.campeche.gob.mx\/wp-content\/uploads\/645211954_1231298605821360_6469656670771035430_n-1.jpg 1024w, https:\/\/turismo.campeche.gob.mx\/wp-content\/uploads\/645211954_1231298605821360_6469656670771035430_n-1-980x654.jpg 980w, https:\/\/turismo.campeche.gob.mx\/wp-content\/uploads\/645211954_1231298605821360_6469656670771035430_n-1-480x320.jpg 480w\" sizes=\"(min-width: 0px) and (max-width: 480px) 480px, (min-width: 481px) and (max-width: 980px) 980px, (min-width: 981px) 1024px, 100vw\" \/><\/figure>\n","protected":false},"excerpt":{"rendered":"<p>Con el objetivo de fortalecer la \ud835\udc11\ud835\udc1e\ud835\udc1d \ud835\udc1d\ud835\udc1e \ud835\udc13\ud835\udc2e\ud835\udc2b\ud835\udc22\ud835\udc2c\ud835\udc26\ud835\udc28 \ud835\udc02\ud835\udc28\ud835\udc26\ud835\udc2e\ud835\udc27\ud835\udc22\ud835\udc2d\ud835\udc1a\ud835\udc2b\ud835\udc22\ud835\udc28, realizamos una gira de trabajo en el municipio de Esc\u00e1rcega. Encabezados por nuestra titular, Adda Sol\u00eds Peniche, y acompa\u00f1ados por el alcalde Juan Carlos Hern\u00e1ndez Rath, llevamos a cabo la inauguraci\u00f3n del \ud835\udc26\ud835\udc1a\ud835\udc29\ud835\udc1a \ud835\udc2d\ud835\udc2e\ud835\udc2b\u00ed\ud835\udc2c\ud835\udc2d\ud835\udc22\ud835\udc1c\ud835\udc28 del municipio, adem\u00e1s de sostener una mesa de trabajo con prestadores [&hellip;]<\/p>\n","protected":false},"author":4,"featured_media":2840,"comment_status":"open","ping_status":"open","sticky":false,"template":"","format":"standard","meta":{"_acf_changed":false,"_et_pb_use_builder":"off","_et_pb_old_content":"","_et_gb_content_width":"","inline_featured_image":false,"footnotes":""},"categories":[37],"tags":[],"acf":[],"_links":{"self":[{"href":"https:\/\/turismo.campeche.gob.mx\/index.php?rest_route=\/wp\/v2\/posts\/2838"}],"collection":[{"href":"https:\/\/turismo.campeche.gob.mx\/index.php?rest_route=\/wp\/v2\/posts"}],"about":[{"href":"https:\/\/turismo.campeche.gob.mx\/index.php?rest_route=\/wp\/v2\/types\/post"}],"author":[{"embeddable":true,"href":"https:\/\/turismo.campeche.gob.mx\/index.php?rest_route=\/wp\/v2\/users\/4"}],"replies":[{"embeddable":true,"href":"https:\/\/turismo.campeche.gob.mx\/index.php?rest_route=%2Fwp%2Fv2%2Fcomments&post=2838"}],"version-history":[{"count":1,"href":"https:\/\/turismo.campeche.gob.mx\/index.php?rest_route=\/wp\/v2\/posts\/2838\/revisions"}],"predecessor-version":[{"id":2842,"href":"https:\/\/turismo.campeche.gob.mx\/index.php?rest_route=\/wp\/v2\/posts\/2838\/revisions\/2842"}],"wp:featuredmedia":[{"embeddable":true,"href":"https:\/\/turismo.campeche.gob.mx\/index.php?rest_route=\/wp\/v2\/media\/2840"}],"wp:attachment":[{"href":"https:\/\/turismo.campeche.gob.mx\/index.php?rest_route=%2Fwp%2Fv2%2Fmedia&parent=2838"}],"wp:term":[{"taxonomy":"category","embeddable":true,"href":"https:\/\/turismo.campeche.gob.mx\/index.php?rest_route=%2Fwp%2Fv2%2Fcategories&post=2838"},{"taxonomy":"post_tag","embeddable":true,"href":"https:\/\/turismo.campeche.gob.mx\/index.php?rest_route=%2Fwp%2Fv2%2Ftags&post=2838"}],"curies":[{"name":"wp","href":"https:\/\/api.w.org\/{rel}","templated":true}]}}