{"id":2831,"date":"2026-02-26T08:30:07","date_gmt":"2026-02-26T14:30:07","guid":{"rendered":"https:\/\/turismo.campeche.gob.mx\/?p=2831"},"modified":"2026-03-09T08:32:14","modified_gmt":"2026-03-09T14:32:14","slug":"impulsan-proyectos-estrategicos-para-fortalecer-el-turismo-en-campeche","status":"publish","type":"post","link":"https:\/\/turismo.campeche.gob.mx\/?p=2831","title":{"rendered":"Impulsan proyectos estrat\u00e9gicos para fortalecer el turismo en Campeche"},"content":{"rendered":"\n<p>La titular de la Secretar\u00eda de Turismo, Adda Sol\u00eds Peniche, sostuvo una reuni\u00f3n de trabajo con el director general de FONATUR, Sebasti\u00e1n Ram\u00edrez Mendoza, con el objetivo de presentar \ud835\udc29\ud835\udc2b\ud835\udc28\ud835\udc32\ud835\udc1e\ud835\udc1c\ud835\udc2d\ud835\udc28\ud835\udc2c \ud835\udc1e\ud835\udc2c\ud835\udc2d\ud835\udc2b\ud835\udc1a\ud835\udc2d\u00e9\ud835\udc20\ud835\udc22\ud835\udc1c\ud835\udc28\ud835\udc2c en materia tur\u00edstica para el estado de Campeche.<\/p>\n\n\n\n<p>Durante el encuentro se acord\u00f3 trabajar de manera conjunta en la elaboraci\u00f3n de un plan estrat\u00e9gico que permita \ud835\udc1f\ud835\udc28\ud835\udc2b\ud835\udc2d\ud835\udc1a\ud835\udc25\ud835\udc1e\ud835\udc1c\ud835\udc1e\ud835\udc2b \ud835\udc25\ud835\udc1a \ud835\udc29\ud835\udc2b\ud835\udc28\ud835\udc26\ud835\udc28\ud835\udc1c\ud835\udc22\u00f3\ud835\udc27 \ud835\udc32 \ud835\udc1e\ud835\udc25 \ud835\udc29\ud835\udc28\ud835\udc2c\ud835\udc22\ud835\udc1c\ud835\udc22\ud835\udc28\ud835\udc27\ud835\udc1a\ud835\udc26\ud835\udc22\ud835\udc1e\ud835\udc27\ud835\udc2d\ud835\udc28 del Turismo Comunitario de Campeche en el Tianguis Tur\u00edstico M\u00e9xico 2026.<\/p>\n\n\n\n<p>Este esfuerzo coordinado busca impulsar el desarrollo sostenible, generar bienestar en las comunidades y \ud835\udc29\ud835\udc2b\ud835\udc28\ud835\udc32\ud835\udc1e\ud835\udc1c\ud835\udc2d\ud835\udc1a\ud835\udc2b \ud835\udc1a \ud835\udc02\ud835\udc1a\ud835\udc26\ud835\udc29\ud835\udc1e\ud835\udc1c\ud835\udc21\ud835\udc1e como un referente nacional en experiencias aut\u00e9nticas, culturales y de naturaleza.<\/p>\n\n\n\n<p><a href=\"https:\/\/www.facebook.com\/hashtag\/elturismosomostodos?__eep__=6&amp;__cft__[0]=AZYwGAkUlKC6GQmAqD85HRbPMX1fug9tzeOsd3SrmQfztFfFl639vPemHgarOvraoCef8N-6NQouEh5zQ4l88nLIjGSYEAZ9ygeJU9PadA5t13_RAjzRbEQC7jAyNfZu8nNgfUff4DNrjQOdzKC6eTb_vq8N2bELnQYqGuGo9kqX0gX5xb9jPsYew7IS-Rk35XU&amp;__tn__=*NK-R\">#ElTurismoSomosTodos<\/a><a href=\"https:\/\/www.facebook.com\/hashtag\/gobiernodetodos?__eep__=6&amp;__cft__[0]=AZYwGAkUlKC6GQmAqD85HRbPMX1fug9tzeOsd3SrmQfztFfFl639vPemHgarOvraoCef8N-6NQouEh5zQ4l88nLIjGSYEAZ9ygeJU9PadA5t13_RAjzRbEQC7jAyNfZu8nNgfUff4DNrjQOdzKC6eTb_vq8N2bELnQYqGuGo9kqX0gX5xb9jPsYew7IS-Rk35XU&amp;__tn__=*NK-R\">#GobiernoDeTodos<\/a><\/p>\n\n\n\n<figure class=\"wp-block-image size-large\"><img loading=\"lazy\" decoding=\"async\" width=\"1024\" height=\"768\" src=\"https:\/\/turismo.campeche.gob.mx\/wp-content\/uploads\/642778055_1226479359636618_820482419815098683_n-1-1024x768.jpg\" alt=\"\" class=\"wp-image-2834\" srcset=\"https:\/\/turismo.campeche.gob.mx\/wp-content\/uploads\/642778055_1226479359636618_820482419815098683_n-1-980x735.jpg 980w, https:\/\/turismo.campeche.gob.mx\/wp-content\/uploads\/642778055_1226479359636618_820482419815098683_n-1-480x360.jpg 480w\" sizes=\"(min-width: 0px) and (max-width: 480px) 480px, (min-width: 481px) and (max-width: 980px) 980px, (min-width: 981px) 1024px, 100vw\" \/><\/figure>\n","protected":false},"excerpt":{"rendered":"<p>La titular de la Secretar\u00eda de Turismo, Adda Sol\u00eds Peniche, sostuvo una reuni\u00f3n de trabajo con el director general de FONATUR, Sebasti\u00e1n Ram\u00edrez Mendoza, con el objetivo de presentar \ud835\udc29\ud835\udc2b\ud835\udc28\ud835\udc32\ud835\udc1e\ud835\udc1c\ud835\udc2d\ud835\udc28\ud835\udc2c \ud835\udc1e\ud835\udc2c\ud835\udc2d\ud835\udc2b\ud835\udc1a\ud835\udc2d\u00e9\ud835\udc20\ud835\udc22\ud835\udc1c\ud835\udc28\ud835\udc2c en materia tur\u00edstica para el estado de Campeche. Durante el encuentro se acord\u00f3 trabajar de manera conjunta en la elaboraci\u00f3n de un plan estrat\u00e9gico [&hellip;]<\/p>\n","protected":false},"author":4,"featured_media":2832,"comment_status":"open","ping_status":"open","sticky":false,"template":"","format":"standard","meta":{"_acf_changed":false,"_et_pb_use_builder":"off","_et_pb_old_content":"","_et_gb_content_width":"","inline_featured_image":false,"footnotes":""},"categories":[37],"tags":[],"acf":[],"_links":{"self":[{"href":"https:\/\/turismo.campeche.gob.mx\/index.php?rest_route=\/wp\/v2\/posts\/2831"}],"collection":[{"href":"https:\/\/turismo.campeche.gob.mx\/index.php?rest_route=\/wp\/v2\/posts"}],"about":[{"href":"https:\/\/turismo.campeche.gob.mx\/index.php?rest_route=\/wp\/v2\/types\/post"}],"author":[{"embeddable":true,"href":"https:\/\/turismo.campeche.gob.mx\/index.php?rest_route=\/wp\/v2\/users\/4"}],"replies":[{"embeddable":true,"href":"https:\/\/turismo.campeche.gob.mx\/index.php?rest_route=%2Fwp%2Fv2%2Fcomments&post=2831"}],"version-history":[{"count":2,"href":"https:\/\/turismo.campeche.gob.mx\/index.php?rest_route=\/wp\/v2\/posts\/2831\/revisions"}],"predecessor-version":[{"id":2837,"href":"https:\/\/turismo.campeche.gob.mx\/index.php?rest_route=\/wp\/v2\/posts\/2831\/revisions\/2837"}],"wp:featuredmedia":[{"embeddable":true,"href":"https:\/\/turismo.campeche.gob.mx\/index.php?rest_route=\/wp\/v2\/media\/2832"}],"wp:attachment":[{"href":"https:\/\/turismo.campeche.gob.mx\/index.php?rest_route=%2Fwp%2Fv2%2Fmedia&parent=2831"}],"wp:term":[{"taxonomy":"category","embeddable":true,"href":"https:\/\/turismo.campeche.gob.mx\/index.php?rest_route=%2Fwp%2Fv2%2Fcategories&post=2831"},{"taxonomy":"post_tag","embeddable":true,"href":"https:\/\/turismo.campeche.gob.mx\/index.php?rest_route=%2Fwp%2Fv2%2Ftags&post=2831"}],"curies":[{"name":"wp","href":"https:\/\/api.w.org\/{rel}","templated":true}]}}