{"id":2825,"date":"2026-02-25T08:28:13","date_gmt":"2026-02-25T14:28:13","guid":{"rendered":"https:\/\/turismo.campeche.gob.mx\/?p=2825"},"modified":"2026-03-09T08:29:08","modified_gmt":"2026-03-09T14:29:08","slug":"historia-y-cultura-conferencia-sobre-la-pirateria-en-campeche","status":"publish","type":"post","link":"https:\/\/turismo.campeche.gob.mx\/?p=2825","title":{"rendered":"Historia y cultura: conferencia sobre la pirater\u00eda en Campeche"},"content":{"rendered":"\n<p>La Direcci\u00f3n de Atractivos de la Secretar\u00eda de Turismo particip\u00f3 en la conferencia \u201c\ud835\udc0b\ud835\udc1a \ud835\udc0f\ud835\udc22\ud835\udc2b\ud835\udc1a\ud835\udc2d\ud835\udc1e\ud835\udc2b\u00ed\ud835\udc1a \ud835\udc1e\ud835\udc27 \ud835\udc02\ud835\udc1a\ud835\udc26\ud835\udc29\ud835\udc1e\ud835\udc1c\ud835\udc21\ud835\udc1e\u201d, impartida por el Dr. Jos\u00e9 Manuel Alcocer Bern\u00e9s, organizada por la UACAM.<\/p>\n\n\n\n<p>Estos espacios de reflexi\u00f3n contribuyen al fortalecimiento de nuestra \ud835\udc22\ud835\udc1d\ud835\udc1e\ud835\udc27\ud835\udc2d\ud835\udc22\ud835\udc1d\ud835\udc1a\ud835\udc1d y al reconocimiento del valor hist\u00f3rico y cultural que distingue a Campeche. Conocer nuestro pasado nos permite comprender mejor el presente y proyectar con mayor sentido nuestro patrimonio hacia el futuro.<\/p>\n\n\n\n<p><a href=\"https:\/\/www.facebook.com\/hashtag\/elturismosomostodos?__eep__=6&amp;__cft__[0]=AZa6_uy-5gTU02V1u2rrncgklJC4GVOM-bDL2q2UJxCdX__9jFkZ0dJBd0Umg60vAyXvjiFSbeQd8wtypBn-qXnRkKWOZpP1DtjAoCkf4SCyaNALQsax18zOAgQWWndR9N9P712fPpAdlZFynBUH-12d88kK4XZ5ROwAQulPZBNOU_8fLIHmiUZWhL-5oL6HFkY&amp;__tn__=*NK-R\">#ElTurismoSomosTodos<\/a><\/p>\n\n\n\n<figure class=\"wp-block-image size-large\"><img loading=\"lazy\" decoding=\"async\" width=\"1024\" height=\"768\" src=\"https:\/\/turismo.campeche.gob.mx\/wp-content\/uploads\/641679846_1225936363024251_8516193310913532590_n-1-1024x768.jpg\" alt=\"\" class=\"wp-image-2828\" srcset=\"https:\/\/turismo.campeche.gob.mx\/wp-content\/uploads\/641679846_1225936363024251_8516193310913532590_n-1-1024x768.jpg 1024w, https:\/\/turismo.campeche.gob.mx\/wp-content\/uploads\/641679846_1225936363024251_8516193310913532590_n-1-980x735.jpg 980w, https:\/\/turismo.campeche.gob.mx\/wp-content\/uploads\/641679846_1225936363024251_8516193310913532590_n-1-480x360.jpg 480w\" sizes=\"(min-width: 0px) and (max-width: 480px) 480px, (min-width: 481px) and (max-width: 980px) 980px, (min-width: 981px) 1024px, 100vw\" \/><\/figure>\n","protected":false},"excerpt":{"rendered":"<p>La Direcci\u00f3n de Atractivos de la Secretar\u00eda de Turismo particip\u00f3 en la conferencia \u201c\ud835\udc0b\ud835\udc1a \ud835\udc0f\ud835\udc22\ud835\udc2b\ud835\udc1a\ud835\udc2d\ud835\udc1e\ud835\udc2b\u00ed\ud835\udc1a \ud835\udc1e\ud835\udc27 \ud835\udc02\ud835\udc1a\ud835\udc26\ud835\udc29\ud835\udc1e\ud835\udc1c\ud835\udc21\ud835\udc1e\u201d, impartida por el Dr. Jos\u00e9 Manuel Alcocer Bern\u00e9s, organizada por la UACAM. Estos espacios de reflexi\u00f3n contribuyen al fortalecimiento de nuestra \ud835\udc22\ud835\udc1d\ud835\udc1e\ud835\udc27\ud835\udc2d\ud835\udc22\ud835\udc1d\ud835\udc1a\ud835\udc1d y al reconocimiento del valor hist\u00f3rico y cultural que distingue a Campeche. Conocer nuestro pasado nos [&hellip;]<\/p>\n","protected":false},"author":4,"featured_media":2826,"comment_status":"open","ping_status":"open","sticky":false,"template":"","format":"standard","meta":{"_acf_changed":false,"_et_pb_use_builder":"off","_et_pb_old_content":"","_et_gb_content_width":"","inline_featured_image":false,"footnotes":""},"categories":[37],"tags":[],"acf":[],"_links":{"self":[{"href":"https:\/\/turismo.campeche.gob.mx\/index.php?rest_route=\/wp\/v2\/posts\/2825"}],"collection":[{"href":"https:\/\/turismo.campeche.gob.mx\/index.php?rest_route=\/wp\/v2\/posts"}],"about":[{"href":"https:\/\/turismo.campeche.gob.mx\/index.php?rest_route=\/wp\/v2\/types\/post"}],"author":[{"embeddable":true,"href":"https:\/\/turismo.campeche.gob.mx\/index.php?rest_route=\/wp\/v2\/users\/4"}],"replies":[{"embeddable":true,"href":"https:\/\/turismo.campeche.gob.mx\/index.php?rest_route=%2Fwp%2Fv2%2Fcomments&post=2825"}],"version-history":[{"count":1,"href":"https:\/\/turismo.campeche.gob.mx\/index.php?rest_route=\/wp\/v2\/posts\/2825\/revisions"}],"predecessor-version":[{"id":2829,"href":"https:\/\/turismo.campeche.gob.mx\/index.php?rest_route=\/wp\/v2\/posts\/2825\/revisions\/2829"}],"wp:featuredmedia":[{"embeddable":true,"href":"https:\/\/turismo.campeche.gob.mx\/index.php?rest_route=\/wp\/v2\/media\/2826"}],"wp:attachment":[{"href":"https:\/\/turismo.campeche.gob.mx\/index.php?rest_route=%2Fwp%2Fv2%2Fmedia&parent=2825"}],"wp:term":[{"taxonomy":"category","embeddable":true,"href":"https:\/\/turismo.campeche.gob.mx\/index.php?rest_route=%2Fwp%2Fv2%2Fcategories&post=2825"},{"taxonomy":"post_tag","embeddable":true,"href":"https:\/\/turismo.campeche.gob.mx\/index.php?rest_route=%2Fwp%2Fv2%2Ftags&post=2825"}],"curies":[{"name":"wp","href":"https:\/\/api.w.org\/{rel}","templated":true}]}}