{"id":2819,"date":"2026-02-25T08:23:26","date_gmt":"2026-02-25T14:23:26","guid":{"rendered":"https:\/\/turismo.campeche.gob.mx\/?p=2819"},"modified":"2026-03-09T08:28:07","modified_gmt":"2026-03-09T14:28:07","slug":"palizada-celebra-su-historia-y-refuerza-su-oferta-turistica","status":"publish","type":"post","link":"https:\/\/turismo.campeche.gob.mx\/?p=2819","title":{"rendered":"Palizada celebra su historia y refuerza su oferta tur\u00edstica"},"content":{"rendered":"\n<p>El d\u00eda de ayer se realiz\u00f3 una gira de trabajo por el municipio de Palizada, encabezada por la secretaria de Turismo, Adda Sol\u00eds Peniche, acompa\u00f1ada del alcalde Pedro Javier Ayala C\u00e1mara, en donde encabezaron la \ud835\udc22\ud835\udc27\ud835\udc1a\ud835\udc2e\ud835\udc20\ud835\udc2e\ud835\udc2b\ud835\udc1a\ud835\udc1c\ud835\udc22\u00f3\ud835\udc27 \ud835\udc1d\ud835\udc1e\ud835\udc25 \ud835\udc26\ud835\udc1a\ud835\udc29\ud835\udc1a \ud835\udc2d\ud835\udc2e\ud835\udc2b\u00ed\ud835\udc2c\ud835\udc2d\ud835\udc22\ud835\udc1c\ud835\udc28 del municipio, como parte de las acciones de fortalecimiento de la red de turismo comunitario en el estado. Durante la jornada, la secretaria particip\u00f3 en el homenaje con motivo del D\u00eda de la Bandera y en la conmemoraci\u00f3n del XV aniversario del nombramiento de Palizada como Pueblo M\u00e1gico. Posteriormente, se llev\u00f3 a cabo un recorrido por los espacios de exhibici\u00f3n de artesan\u00edas locales, donde se destac\u00f3 el \ud835\udc2f\ud835\udc1a\ud835\udc25\ud835\udc28\ud835\udc2b \ud835\udc1c\ud835\udc2e\ud835\udc25\ud835\udc2d\ud835\udc2e\ud835\udc2b\ud835\udc1a\ud835\udc25 \ud835\udc32 \ud835\udc1a\ud835\udc2b\ud835\udc2d\u00ed\ud835\udc2c\ud835\udc2d\ud835\udc22\ud835\udc1c\ud835\udc28 del trabajo de las artesanas. Asimismo, se realiz\u00f3 una visita guiada al museo comunitario para conocer la historia y riqueza de esta emblem\u00e1tica localidad ribere\u00f1a.<\/p>\n\n\n\n<figure class=\"wp-block-image size-large\"><img loading=\"lazy\" decoding=\"async\" width=\"1024\" height=\"683\" src=\"https:\/\/turismo.campeche.gob.mx\/wp-content\/uploads\/641620262_1225766796374541_3862481730533780809_n-1-1-1024x683.jpg\" alt=\"\" class=\"wp-image-2823\" srcset=\"https:\/\/turismo.campeche.gob.mx\/wp-content\/uploads\/641620262_1225766796374541_3862481730533780809_n-1-1-980x653.jpg 980w, https:\/\/turismo.campeche.gob.mx\/wp-content\/uploads\/641620262_1225766796374541_3862481730533780809_n-1-1-480x320.jpg 480w\" sizes=\"(min-width: 0px) and (max-width: 480px) 480px, (min-width: 481px) and (max-width: 980px) 980px, (min-width: 981px) 1024px, 100vw\" \/><\/figure>\n","protected":false},"excerpt":{"rendered":"<p>El d\u00eda de ayer se realiz\u00f3 una gira de trabajo por el municipio de Palizada, encabezada por la secretaria de Turismo, Adda Sol\u00eds Peniche, acompa\u00f1ada del alcalde Pedro Javier Ayala C\u00e1mara, en donde encabezaron la \ud835\udc22\ud835\udc27\ud835\udc1a\ud835\udc2e\ud835\udc20\ud835\udc2e\ud835\udc2b\ud835\udc1a\ud835\udc1c\ud835\udc22\u00f3\ud835\udc27 \ud835\udc1d\ud835\udc1e\ud835\udc25 \ud835\udc26\ud835\udc1a\ud835\udc29\ud835\udc1a \ud835\udc2d\ud835\udc2e\ud835\udc2b\u00ed\ud835\udc2c\ud835\udc2d\ud835\udc22\ud835\udc1c\ud835\udc28 del municipio, como parte de las acciones de fortalecimiento de la red de turismo comunitario en [&hellip;]<\/p>\n","protected":false},"author":4,"featured_media":2820,"comment_status":"open","ping_status":"open","sticky":false,"template":"","format":"standard","meta":{"_acf_changed":false,"_et_pb_use_builder":"off","_et_pb_old_content":"","_et_gb_content_width":"","inline_featured_image":false,"footnotes":""},"categories":[37],"tags":[],"acf":[],"_links":{"self":[{"href":"https:\/\/turismo.campeche.gob.mx\/index.php?rest_route=\/wp\/v2\/posts\/2819"}],"collection":[{"href":"https:\/\/turismo.campeche.gob.mx\/index.php?rest_route=\/wp\/v2\/posts"}],"about":[{"href":"https:\/\/turismo.campeche.gob.mx\/index.php?rest_route=\/wp\/v2\/types\/post"}],"author":[{"embeddable":true,"href":"https:\/\/turismo.campeche.gob.mx\/index.php?rest_route=\/wp\/v2\/users\/4"}],"replies":[{"embeddable":true,"href":"https:\/\/turismo.campeche.gob.mx\/index.php?rest_route=%2Fwp%2Fv2%2Fcomments&post=2819"}],"version-history":[{"count":1,"href":"https:\/\/turismo.campeche.gob.mx\/index.php?rest_route=\/wp\/v2\/posts\/2819\/revisions"}],"predecessor-version":[{"id":2824,"href":"https:\/\/turismo.campeche.gob.mx\/index.php?rest_route=\/wp\/v2\/posts\/2819\/revisions\/2824"}],"wp:featuredmedia":[{"embeddable":true,"href":"https:\/\/turismo.campeche.gob.mx\/index.php?rest_route=\/wp\/v2\/media\/2820"}],"wp:attachment":[{"href":"https:\/\/turismo.campeche.gob.mx\/index.php?rest_route=%2Fwp%2Fv2%2Fmedia&parent=2819"}],"wp:term":[{"taxonomy":"category","embeddable":true,"href":"https:\/\/turismo.campeche.gob.mx\/index.php?rest_route=%2Fwp%2Fv2%2Fcategories&post=2819"},{"taxonomy":"post_tag","embeddable":true,"href":"https:\/\/turismo.campeche.gob.mx\/index.php?rest_route=%2Fwp%2Fv2%2Ftags&post=2819"}],"curies":[{"name":"wp","href":"https:\/\/api.w.org\/{rel}","templated":true}]}}