{"id":2814,"date":"2026-02-13T09:03:23","date_gmt":"2026-02-13T15:03:23","guid":{"rendered":"https:\/\/turismo.campeche.gob.mx\/?p=2814"},"modified":"2026-02-23T09:04:41","modified_gmt":"2026-02-23T15:04:41","slug":"fortalecemos-el-trabajo-conjunto-con-prestadores-de-servicios-turisticos-en-tenabo","status":"publish","type":"post","link":"https:\/\/turismo.campeche.gob.mx\/?p=2814","title":{"rendered":"Fortalecemos el trabajo conjunto con prestadores de servicios tur\u00edsticos en Tenabo"},"content":{"rendered":"\n<p>En <a href=\"https:\/\/www.facebook.com\/hashtag\/tenabo?__eep__=6&amp;__cft__[0]=AZaBxRuHMPOF6sZ2iYihguiw1pQH83EetZMRtF9P1QKjuhnREM5-QbG9W4dAgvTenDSkEJU3pMZMopU0xLkFSJeLGD7V3flhqGZHNx1jhmNLZ8C_tAXBYnoXu3K6Gu41cBsofJQdrnYH2Rw6mZd4vrv85mPZls9SZWjCB8doZIKShBpJoVE-LoKAz6-G96d80_RZ0X67q6wnVoj6EIvcEQGn&amp;__tn__=*NK-R\">#Tenabo<\/a> sostuvimos una reuni\u00f3n con prestadoras y prestadores de servicios tur\u00edsticos, con la compa\u00f1\u00eda de la Presidenta Municipal, <a href=\"https:\/\/www.facebook.com\/profile.php?id=100091994543889&amp;__cft__[0]=AZaBxRuHMPOF6sZ2iYihguiw1pQH83EetZMRtF9P1QKjuhnREM5-QbG9W4dAgvTenDSkEJU3pMZMopU0xLkFSJeLGD7V3flhqGZHNx1jhmNLZ8C_tAXBYnoXu3K6Gu41cBsofJQdrnYH2Rw6mZd4vrv85mPZls9SZWjCB8doZIKShBpJoVE-LoKAz6-G96d80_RZ0X67q6wnVoj6EIvcEQGn&amp;__tn__=-]K-R\">Mariela S\u00e1nchez Espinoza <\/a>, para escuchar, dialogar y seguir sumando esfuerzos.<\/p>\n\n\n\n<p>El turismo se fortalece cuando \ud835\ude01\ud835\uddff\ud835\uddee\ud835\uddef\ud835\uddee\ud835\uddf7\ud835\uddee\ud835\uddfa\ud835\uddfc\ud835\ude00 \ud835\uddf2\ud835\uddfb \ud835\uddf2\ud835\uddfe\ud835\ude02\ud835\uddf6\ud835\uddfd\ud835\uddfc, \ud835\uddf0\ud835\uddfc\ud835\uddfb \ud835\ude03\ud835\uddf6\ud835\ude00\ud835\uddf6\ud835\uddfc\u0301\ud835\uddfb \ud835\ude06 \ud835\uddf0\ud835\uddfc\ud835\uddfa\ud835\uddfd\ud835\uddff\ud835\uddfc\ud835\uddfa\ud835\uddf6\ud835\ude00\ud835\uddfc por nuestro estado. Gracias por su participaci\u00f3n y por creer en el potencial de Tenabo.<\/p>\n\n\n\n<figure class=\"wp-block-image size-large\"><img loading=\"lazy\" decoding=\"async\" width=\"1024\" height=\"768\" src=\"https:\/\/turismo.campeche.gob.mx\/wp-content\/uploads\/635124419_122123466303056685_5817477667529708935_n-1024x768.jpg\" alt=\"\" class=\"wp-image-2815\" srcset=\"https:\/\/turismo.campeche.gob.mx\/wp-content\/uploads\/635124419_122123466303056685_5817477667529708935_n-980x735.jpg 980w, https:\/\/turismo.campeche.gob.mx\/wp-content\/uploads\/635124419_122123466303056685_5817477667529708935_n-480x360.jpg 480w\" sizes=\"(min-width: 0px) and (max-width: 480px) 480px, (min-width: 481px) and (max-width: 980px) 980px, (min-width: 981px) 1024px, 100vw\" \/><\/figure>\n","protected":false},"excerpt":{"rendered":"<p>En #Tenabo sostuvimos una reuni\u00f3n con prestadoras y prestadores de servicios tur\u00edsticos, con la compa\u00f1\u00eda de la Presidenta Municipal, Mariela S\u00e1nchez Espinoza , para escuchar, dialogar y seguir sumando esfuerzos. El turismo se fortalece cuando \ud835\ude01\ud835\uddff\ud835\uddee\ud835\uddef\ud835\uddee\ud835\uddf7\ud835\uddee\ud835\uddfa\ud835\uddfc\ud835\ude00 \ud835\uddf2\ud835\uddfb \ud835\uddf2\ud835\uddfe\ud835\ude02\ud835\uddf6\ud835\uddfd\ud835\uddfc, \ud835\uddf0\ud835\uddfc\ud835\uddfb \ud835\ude03\ud835\uddf6\ud835\ude00\ud835\uddf6\ud835\uddfc\u0301\ud835\uddfb \ud835\ude06 \ud835\uddf0\ud835\uddfc\ud835\uddfa\ud835\uddfd\ud835\uddff\ud835\uddfc\ud835\uddfa\ud835\uddf6\ud835\ude00\ud835\uddfc por nuestro estado. Gracias por su participaci\u00f3n y por creer en el potencial [&hellip;]<\/p>\n","protected":false},"author":4,"featured_media":2816,"comment_status":"open","ping_status":"open","sticky":false,"template":"","format":"standard","meta":{"_acf_changed":false,"_et_pb_use_builder":"off","_et_pb_old_content":"","_et_gb_content_width":"","inline_featured_image":false,"footnotes":""},"categories":[37],"tags":[],"acf":[],"_links":{"self":[{"href":"https:\/\/turismo.campeche.gob.mx\/index.php?rest_route=\/wp\/v2\/posts\/2814"}],"collection":[{"href":"https:\/\/turismo.campeche.gob.mx\/index.php?rest_route=\/wp\/v2\/posts"}],"about":[{"href":"https:\/\/turismo.campeche.gob.mx\/index.php?rest_route=\/wp\/v2\/types\/post"}],"author":[{"embeddable":true,"href":"https:\/\/turismo.campeche.gob.mx\/index.php?rest_route=\/wp\/v2\/users\/4"}],"replies":[{"embeddable":true,"href":"https:\/\/turismo.campeche.gob.mx\/index.php?rest_route=%2Fwp%2Fv2%2Fcomments&post=2814"}],"version-history":[{"count":1,"href":"https:\/\/turismo.campeche.gob.mx\/index.php?rest_route=\/wp\/v2\/posts\/2814\/revisions"}],"predecessor-version":[{"id":2817,"href":"https:\/\/turismo.campeche.gob.mx\/index.php?rest_route=\/wp\/v2\/posts\/2814\/revisions\/2817"}],"wp:featuredmedia":[{"embeddable":true,"href":"https:\/\/turismo.campeche.gob.mx\/index.php?rest_route=\/wp\/v2\/media\/2816"}],"wp:attachment":[{"href":"https:\/\/turismo.campeche.gob.mx\/index.php?rest_route=%2Fwp%2Fv2%2Fmedia&parent=2814"}],"wp:term":[{"taxonomy":"category","embeddable":true,"href":"https:\/\/turismo.campeche.gob.mx\/index.php?rest_route=%2Fwp%2Fv2%2Fcategories&post=2814"},{"taxonomy":"post_tag","embeddable":true,"href":"https:\/\/turismo.campeche.gob.mx\/index.php?rest_route=%2Fwp%2Fv2%2Ftags&post=2814"}],"curies":[{"name":"wp","href":"https:\/\/api.w.org\/{rel}","templated":true}]}}