{"id":2810,"date":"2026-02-19T08:59:31","date_gmt":"2026-02-19T14:59:31","guid":{"rendered":"https:\/\/turismo.campeche.gob.mx\/?p=2810"},"modified":"2026-02-23T09:01:38","modified_gmt":"2026-02-23T15:01:38","slug":"campeche-lanza-la-ruta-sol-y-playa-2026-en-alianza-estrategica-con-concanaco-servytur","status":"publish","type":"post","link":"https:\/\/turismo.campeche.gob.mx\/?p=2810","title":{"rendered":"Campeche lanza la Ruta Sol y Playa 2026 en alianza estrat\u00e9gica con Concanaco Servytur"},"content":{"rendered":"\n<p> Presentamos la \ud835\udde5\ud835\ude02\ud835\ude01\ud835\uddee \ud835\udde6\ud835\uddfc\ud835\uddf9 \ud835\ude06 \ud835\udde3\ud835\uddf9\ud835\uddee\ud835\ude06\ud835\uddee \ud835\uddd6\ud835\uddee\ud835\uddfa\ud835\uddfd\ud835\uddf2\ud835\uddf0\ud835\uddf5\ud835\uddf2 \ud835\udfee\ud835\udfec\ud835\udfee\ud835\udff2 en un marco de coordinaci\u00f3n con la <a href=\"https:\/\/www.facebook.com\/Concanaco?__cft__[0]=AZa0ri3C_1RsLIuE698Ga_8P8hRhtG2Q57nqx7K4OtPPlJEubhHwgoOD1o4jvVxGZvvo2OPWhuykxdO8AQqbTbS1qiYOp2TLXrs-wnjmv0wJMk-CVZZSo0LymIDjfnkNbah0AJoKRB9-u9sDL9Ejkby722v39NNZUQXVi5ouC2Xr9nUzLP6tLutYJJYdyHy2Bmy7dN5s7eMsFTNQkRHsfkh2&amp;__tn__=-]K-R\">Concanaco Servytur<\/a>, una estrategia que fortalece la promoci\u00f3n de nuestros destinos y abre nuevas oportunidades para el desarrollo tur\u00edstico y econ\u00f3mico de Campeche.<\/p>\n\n\n\n<p>Agradezco a su Presidente, <a href=\"https:\/\/www.facebook.com\/dr.octaviodelatorre?__cft__[0]=AZa0ri3C_1RsLIuE698Ga_8P8hRhtG2Q57nqx7K4OtPPlJEubhHwgoOD1o4jvVxGZvvo2OPWhuykxdO8AQqbTbS1qiYOp2TLXrs-wnjmv0wJMk-CVZZSo0LymIDjfnkNbah0AJoKRB9-u9sDL9Ejkby722v39NNZUQXVi5ouC2Xr9nUzLP6tLutYJJYdyHy2Bmy7dN5s7eMsFTNQkRHsfkh2&amp;__tn__=-]K-R\">Dr. Octavio de la Torre de St\u00e9ffano<\/a> y a todas y todos los aliados que se suman a este esfuerzo.<\/p>\n\n\n\n<p>Seguimos construyendo alianzas que impulsan m\u00e1s visitantes, m\u00e1s inversi\u00f3n y prosperidad compartida para nuestro estado.<\/p>\n\n\n\n<figure class=\"wp-block-image size-large\"><img loading=\"lazy\" decoding=\"async\" width=\"1024\" height=\"682\" src=\"https:\/\/turismo.campeche.gob.mx\/wp-content\/uploads\/639535769_122124312435056685_9221460732228667499_n-1024x682.jpg\" alt=\"\" class=\"wp-image-2811\" srcset=\"https:\/\/turismo.campeche.gob.mx\/wp-content\/uploads\/639535769_122124312435056685_9221460732228667499_n-980x653.jpg 980w, https:\/\/turismo.campeche.gob.mx\/wp-content\/uploads\/639535769_122124312435056685_9221460732228667499_n-480x320.jpg 480w\" sizes=\"(min-width: 0px) and (max-width: 480px) 480px, (min-width: 481px) and (max-width: 980px) 980px, (min-width: 981px) 1024px, 100vw\" \/><\/figure>\n","protected":false},"excerpt":{"rendered":"<p>Presentamos la \ud835\udde5\ud835\ude02\ud835\ude01\ud835\uddee \ud835\udde6\ud835\uddfc\ud835\uddf9 \ud835\ude06 \ud835\udde3\ud835\uddf9\ud835\uddee\ud835\ude06\ud835\uddee \ud835\uddd6\ud835\uddee\ud835\uddfa\ud835\uddfd\ud835\uddf2\ud835\uddf0\ud835\uddf5\ud835\uddf2 \ud835\udfee\ud835\udfec\ud835\udfee\ud835\udff2 en un marco de coordinaci\u00f3n con la Concanaco Servytur, una estrategia que fortalece la promoci\u00f3n de nuestros destinos y abre nuevas oportunidades para el desarrollo tur\u00edstico y econ\u00f3mico de Campeche. Agradezco a su Presidente, Dr. Octavio de la Torre de St\u00e9ffano y a todas y todos los [&hellip;]<\/p>\n","protected":false},"author":4,"featured_media":2812,"comment_status":"open","ping_status":"open","sticky":false,"template":"","format":"standard","meta":{"_acf_changed":false,"_et_pb_use_builder":"off","_et_pb_old_content":"","_et_gb_content_width":"","inline_featured_image":false,"footnotes":""},"categories":[37],"tags":[],"acf":[],"_links":{"self":[{"href":"https:\/\/turismo.campeche.gob.mx\/index.php?rest_route=\/wp\/v2\/posts\/2810"}],"collection":[{"href":"https:\/\/turismo.campeche.gob.mx\/index.php?rest_route=\/wp\/v2\/posts"}],"about":[{"href":"https:\/\/turismo.campeche.gob.mx\/index.php?rest_route=\/wp\/v2\/types\/post"}],"author":[{"embeddable":true,"href":"https:\/\/turismo.campeche.gob.mx\/index.php?rest_route=\/wp\/v2\/users\/4"}],"replies":[{"embeddable":true,"href":"https:\/\/turismo.campeche.gob.mx\/index.php?rest_route=%2Fwp%2Fv2%2Fcomments&post=2810"}],"version-history":[{"count":1,"href":"https:\/\/turismo.campeche.gob.mx\/index.php?rest_route=\/wp\/v2\/posts\/2810\/revisions"}],"predecessor-version":[{"id":2813,"href":"https:\/\/turismo.campeche.gob.mx\/index.php?rest_route=\/wp\/v2\/posts\/2810\/revisions\/2813"}],"wp:featuredmedia":[{"embeddable":true,"href":"https:\/\/turismo.campeche.gob.mx\/index.php?rest_route=\/wp\/v2\/media\/2812"}],"wp:attachment":[{"href":"https:\/\/turismo.campeche.gob.mx\/index.php?rest_route=%2Fwp%2Fv2%2Fmedia&parent=2810"}],"wp:term":[{"taxonomy":"category","embeddable":true,"href":"https:\/\/turismo.campeche.gob.mx\/index.php?rest_route=%2Fwp%2Fv2%2Fcategories&post=2810"},{"taxonomy":"post_tag","embeddable":true,"href":"https:\/\/turismo.campeche.gob.mx\/index.php?rest_route=%2Fwp%2Fv2%2Ftags&post=2810"}],"curies":[{"name":"wp","href":"https:\/\/api.w.org\/{rel}","templated":true}]}}