{"id":2806,"date":"2026-02-21T08:53:43","date_gmt":"2026-02-21T14:53:43","guid":{"rendered":"https:\/\/turismo.campeche.gob.mx\/?p=2806"},"modified":"2026-02-23T08:56:02","modified_gmt":"2026-02-23T14:56:02","slug":"impulsan-promocion-turistica-y-fortalecen-el-trabajo-artesanal-en-dzitbalche","status":"publish","type":"post","link":"https:\/\/turismo.campeche.gob.mx\/?p=2806","title":{"rendered":"Impulsan promoci\u00f3n tur\u00edstica y fortalecen el trabajo artesanal en Dzitbalch\u00e9"},"content":{"rendered":"\n<p>En una gira de trabajo encabezada por la secretaria de Turismo, Adda Sol\u00eds Peniche, y acompa\u00f1ada por el alcalde Luis Chan, se inaugur\u00f3 el nuevo mapa tur\u00edstico de Dzitbalch\u00e9, acci\u00f3n que fortalece la \ud835\udc2b\ud835\udc1e\ud835\udc1d \ud835\udc1d\ud835\udc1e \ud835\udc2d\ud835\udc2e\ud835\udc2b\ud835\udc22\ud835\udc2c\ud835\udc26\ud835\udc28 \ud835\udc1c\ud835\udc28\ud835\udc26\ud835\udc2e\ud835\udc27\ud835\udc22\ud835\udc2d\ud835\udc1a\ud835\udc2b\ud835\udc22\ud835\udc28 y la promoci\u00f3n del municipio.<\/p>\n\n\n\n<p>Como parte de la agenda, se sostuvo un \ud835\udc1e\ud835\udc27\ud835\udc1c\ud835\udc2e\ud835\udc1e\ud835\udc27\ud835\udc2d\ud835\udc2b\ud835\udc28 \ud835\udc1c\ud835\udc28\ud835\udc27 \ud835\udc1a\ud835\udc2b\ud835\udc2d\ud835\udc1e\ud835\udc2c\ud835\udc1a\ud835\udc27\ud835\udc1a\ud835\udc2c \ud835\udc32 \ud835\udc1a\ud835\udc2b\ud835\udc2d\ud835\udc1e\ud835\udc2c\ud835\udc1a\ud835\udc27\ud835\udc28\ud835\udc2c locales para escuchar de primera mano las necesidades del sector. Posteriormente, se realiz\u00f3 un recorrido por los corredores artesanales y se visit\u00f3 el Museo Regional de la Cultura Maya, destacando el valor cultural e hist\u00f3rico de la comunidad.<\/p>\n\n\n\n<figure class=\"wp-block-gallery has-nested-images columns-default is-cropped wp-block-gallery-1 is-layout-flex wp-block-gallery-is-layout-flex\">\n<figure class=\"wp-block-image size-large\"><img loading=\"lazy\" decoding=\"async\" width=\"1024\" height=\"683\" data-id=\"2807\" src=\"https:\/\/turismo.campeche.gob.mx\/wp-content\/uploads\/641342139_1222533956697825_705502518349335510_n-1024x683.jpg\" alt=\"\" class=\"wp-image-2807\" srcset=\"https:\/\/turismo.campeche.gob.mx\/wp-content\/uploads\/641342139_1222533956697825_705502518349335510_n-980x653.jpg 980w, https:\/\/turismo.campeche.gob.mx\/wp-content\/uploads\/641342139_1222533956697825_705502518349335510_n-480x320.jpg 480w\" sizes=\"(min-width: 0px) and (max-width: 480px) 480px, (min-width: 481px) and (max-width: 980px) 980px, (min-width: 981px) 1024px, 100vw\" \/><\/figure>\n<\/figure>\n","protected":false},"excerpt":{"rendered":"<p>En una gira de trabajo encabezada por la secretaria de Turismo, Adda Sol\u00eds Peniche, y acompa\u00f1ada por el alcalde Luis Chan, se inaugur\u00f3 el nuevo mapa tur\u00edstico de Dzitbalch\u00e9, acci\u00f3n que fortalece la \ud835\udc2b\ud835\udc1e\ud835\udc1d \ud835\udc1d\ud835\udc1e \ud835\udc2d\ud835\udc2e\ud835\udc2b\ud835\udc22\ud835\udc2c\ud835\udc26\ud835\udc28 \ud835\udc1c\ud835\udc28\ud835\udc26\ud835\udc2e\ud835\udc27\ud835\udc22\ud835\udc2d\ud835\udc1a\ud835\udc2b\ud835\udc22\ud835\udc28 y la promoci\u00f3n del municipio. Como parte de la agenda, se sostuvo un \ud835\udc1e\ud835\udc27\ud835\udc1c\ud835\udc2e\ud835\udc1e\ud835\udc27\ud835\udc2d\ud835\udc2b\ud835\udc28 \ud835\udc1c\ud835\udc28\ud835\udc27 \ud835\udc1a\ud835\udc2b\ud835\udc2d\ud835\udc1e\ud835\udc2c\ud835\udc1a\ud835\udc27\ud835\udc1a\ud835\udc2c \ud835\udc32 \ud835\udc1a\ud835\udc2b\ud835\udc2d\ud835\udc1e\ud835\udc2c\ud835\udc1a\ud835\udc27\ud835\udc28\ud835\udc2c [&hellip;]<\/p>\n","protected":false},"author":4,"featured_media":2808,"comment_status":"open","ping_status":"open","sticky":false,"template":"","format":"standard","meta":{"_acf_changed":false,"_et_pb_use_builder":"off","_et_pb_old_content":"","_et_gb_content_width":"","inline_featured_image":false,"footnotes":""},"categories":[37],"tags":[],"acf":[],"_links":{"self":[{"href":"https:\/\/turismo.campeche.gob.mx\/index.php?rest_route=\/wp\/v2\/posts\/2806"}],"collection":[{"href":"https:\/\/turismo.campeche.gob.mx\/index.php?rest_route=\/wp\/v2\/posts"}],"about":[{"href":"https:\/\/turismo.campeche.gob.mx\/index.php?rest_route=\/wp\/v2\/types\/post"}],"author":[{"embeddable":true,"href":"https:\/\/turismo.campeche.gob.mx\/index.php?rest_route=\/wp\/v2\/users\/4"}],"replies":[{"embeddable":true,"href":"https:\/\/turismo.campeche.gob.mx\/index.php?rest_route=%2Fwp%2Fv2%2Fcomments&post=2806"}],"version-history":[{"count":1,"href":"https:\/\/turismo.campeche.gob.mx\/index.php?rest_route=\/wp\/v2\/posts\/2806\/revisions"}],"predecessor-version":[{"id":2809,"href":"https:\/\/turismo.campeche.gob.mx\/index.php?rest_route=\/wp\/v2\/posts\/2806\/revisions\/2809"}],"wp:featuredmedia":[{"embeddable":true,"href":"https:\/\/turismo.campeche.gob.mx\/index.php?rest_route=\/wp\/v2\/media\/2808"}],"wp:attachment":[{"href":"https:\/\/turismo.campeche.gob.mx\/index.php?rest_route=%2Fwp%2Fv2%2Fmedia&parent=2806"}],"wp:term":[{"taxonomy":"category","embeddable":true,"href":"https:\/\/turismo.campeche.gob.mx\/index.php?rest_route=%2Fwp%2Fv2%2Fcategories&post=2806"},{"taxonomy":"post_tag","embeddable":true,"href":"https:\/\/turismo.campeche.gob.mx\/index.php?rest_route=%2Fwp%2Fv2%2Ftags&post=2806"}],"curies":[{"name":"wp","href":"https:\/\/api.w.org\/{rel}","templated":true}]}}