{"id":2802,"date":"2026-02-20T08:46:52","date_gmt":"2026-02-20T14:46:52","guid":{"rendered":"https:\/\/turismo.campeche.gob.mx\/?p=2802"},"modified":"2026-02-23T08:49:46","modified_gmt":"2026-02-23T14:49:46","slug":"secretaria-de-turismo-presenta-a-campeche-como-destino-ante-operadores-turisticos-en-merida","status":"publish","type":"post","link":"https:\/\/turismo.campeche.gob.mx\/?p=2802","title":{"rendered":"Secretar\u00eda de Turismo presenta a Campeche como destino ante operadores tur\u00edsticos en M\u00e9rida"},"content":{"rendered":"\n<p>La Secretar\u00eda de Turismo, encabezada por su titular Adda Sol\u00eds Peniche, llev\u00f3 a cabo la \ud835\udc29\ud835\udc2b\ud835\udc1e\ud835\udc2c\ud835\udc1e\ud835\udc27\ud835\udc2d\ud835\udc1a\ud835\udc1c\ud835\udc22\u00f3\ud835\udc27 \ud835\udc1d\ud835\udc1e \ud835\udc02\ud835\udc1a\ud835\udc26\ud835\udc29\ud835\udc1e\ud835\udc1c\ud835\udc21\ud835\udc1e como destino en la ciudad de M\u00e9rida, Yucat\u00e1n, ante m\u00e1s de 75 operadores tur\u00edsticos, 60 de Yucat\u00e1n y 15 de Campeche, en un encuentro realizado en la Quinta Montes Molina.<\/p>\n\n\n\n<p>Con una muestra de su riqueza cultural, hist\u00f3rica, natural y gastron\u00f3mica, se \ud835\udc1f\ud835\udc28\ud835\udc2b\ud835\udc2d\ud835\udc1a\ud835\udc25\ud835\udc1e\ud835\udc1c\ud835\udc22\ud835\udc1e\ud835\udc2b\ud835\udc28\ud835\udc27 \ud835\udc25\ud835\udc1a\ud835\udc33\ud835\udc28\ud835\udc2c entre estados hermanos para posicionar al sureste como una de las regiones m\u00e1s atractivas y competitivas del pa\u00eds.<\/p>\n\n\n\n<figure class=\"wp-block-image size-large\"><img loading=\"lazy\" decoding=\"async\" width=\"1024\" height=\"683\" src=\"https:\/\/turismo.campeche.gob.mx\/wp-content\/uploads\/639986545_1221230716828149_5814878700903862479_n-1024x683.jpg\" alt=\"\" class=\"wp-image-2804\" srcset=\"https:\/\/turismo.campeche.gob.mx\/wp-content\/uploads\/639986545_1221230716828149_5814878700903862479_n-980x653.jpg 980w, https:\/\/turismo.campeche.gob.mx\/wp-content\/uploads\/639986545_1221230716828149_5814878700903862479_n-480x320.jpg 480w\" sizes=\"(min-width: 0px) and (max-width: 480px) 480px, (min-width: 481px) and (max-width: 980px) 980px, (min-width: 981px) 1024px, 100vw\" \/><\/figure>\n","protected":false},"excerpt":{"rendered":"<p>La Secretar\u00eda de Turismo, encabezada por su titular Adda Sol\u00eds Peniche, llev\u00f3 a cabo la \ud835\udc29\ud835\udc2b\ud835\udc1e\ud835\udc2c\ud835\udc1e\ud835\udc27\ud835\udc2d\ud835\udc1a\ud835\udc1c\ud835\udc22\u00f3\ud835\udc27 \ud835\udc1d\ud835\udc1e \ud835\udc02\ud835\udc1a\ud835\udc26\ud835\udc29\ud835\udc1e\ud835\udc1c\ud835\udc21\ud835\udc1e como destino en la ciudad de M\u00e9rida, Yucat\u00e1n, ante m\u00e1s de 75 operadores tur\u00edsticos, 60 de Yucat\u00e1n y 15 de Campeche, en un encuentro realizado en la Quinta Montes Molina. Con una muestra de su riqueza cultural, [&hellip;]<\/p>\n","protected":false},"author":4,"featured_media":2803,"comment_status":"open","ping_status":"open","sticky":false,"template":"","format":"standard","meta":{"_acf_changed":false,"_et_pb_use_builder":"off","_et_pb_old_content":"","_et_gb_content_width":"","inline_featured_image":false,"footnotes":""},"categories":[37],"tags":[],"acf":[],"_links":{"self":[{"href":"https:\/\/turismo.campeche.gob.mx\/index.php?rest_route=\/wp\/v2\/posts\/2802"}],"collection":[{"href":"https:\/\/turismo.campeche.gob.mx\/index.php?rest_route=\/wp\/v2\/posts"}],"about":[{"href":"https:\/\/turismo.campeche.gob.mx\/index.php?rest_route=\/wp\/v2\/types\/post"}],"author":[{"embeddable":true,"href":"https:\/\/turismo.campeche.gob.mx\/index.php?rest_route=\/wp\/v2\/users\/4"}],"replies":[{"embeddable":true,"href":"https:\/\/turismo.campeche.gob.mx\/index.php?rest_route=%2Fwp%2Fv2%2Fcomments&post=2802"}],"version-history":[{"count":1,"href":"https:\/\/turismo.campeche.gob.mx\/index.php?rest_route=\/wp\/v2\/posts\/2802\/revisions"}],"predecessor-version":[{"id":2805,"href":"https:\/\/turismo.campeche.gob.mx\/index.php?rest_route=\/wp\/v2\/posts\/2802\/revisions\/2805"}],"wp:featuredmedia":[{"embeddable":true,"href":"https:\/\/turismo.campeche.gob.mx\/index.php?rest_route=\/wp\/v2\/media\/2803"}],"wp:attachment":[{"href":"https:\/\/turismo.campeche.gob.mx\/index.php?rest_route=%2Fwp%2Fv2%2Fmedia&parent=2802"}],"wp:term":[{"taxonomy":"category","embeddable":true,"href":"https:\/\/turismo.campeche.gob.mx\/index.php?rest_route=%2Fwp%2Fv2%2Fcategories&post=2802"},{"taxonomy":"post_tag","embeddable":true,"href":"https:\/\/turismo.campeche.gob.mx\/index.php?rest_route=%2Fwp%2Fv2%2Ftags&post=2802"}],"curies":[{"name":"wp","href":"https:\/\/api.w.org\/{rel}","templated":true}]}}