{"id":2797,"date":"2026-02-14T08:36:47","date_gmt":"2026-02-14T14:36:47","guid":{"rendered":"https:\/\/turismo.campeche.gob.mx\/?p=2797"},"modified":"2026-02-23T08:45:56","modified_gmt":"2026-02-23T14:45:56","slug":"nuestra-titular-en-el-corso-infantil-2026-del-carnaval-de-campeche","status":"publish","type":"post","link":"https:\/\/turismo.campeche.gob.mx\/?p=2797","title":{"rendered":"Nuestra titular en el Corso Infantil 2026 del Carnaval de Campeche"},"content":{"rendered":"\n<p>Nuestra titular, Adda Sol\u00eds Peniche, asisti\u00f3 al \ud835\udc02\ud835\udc28\ud835\udc2b\ud835\udc2c\ud835\udc28 \ud835\udc08\ud835\udc27\ud835\udc1f\ud835\udc1a\ud835\udc27\ud835\udc2d\ud835\udc22\ud835\udc25 \ud835\udfd0\ud835\udfce\ud835\udfd0\ud835\udfd4 en su edici\u00f3n 65, sum\u00e1ndose a esta gran celebraci\u00f3n que forma parte del \ud835\udc02\ud835\udc1a\ud835\udc2b\ud835\udc27\ud835\udc1a\ud835\udc2f\ud835\udc1a\ud835\udc25 \ud835\udc1d\ud835\udc1e \ud835\udc02\ud835\udc1a\ud835\udc26\ud835\udc29\ud835\udc1e\ud835\udc1c\ud835\udc21\ud835\udc1e, una de las tradiciones m\u00e1s importantes y queridas de nuestro estado. <\/p>\n\n\n\n<figure class=\"wp-block-image size-large\"><img loading=\"lazy\" decoding=\"async\" width=\"1024\" height=\"683\" src=\"https:\/\/turismo.campeche.gob.mx\/wp-content\/uploads\/635179470_1216706363947251_5676709896549532327_n-1-1024x683.jpg\" alt=\"\" class=\"wp-image-2800\" srcset=\"https:\/\/turismo.campeche.gob.mx\/wp-content\/uploads\/635179470_1216706363947251_5676709896549532327_n-1-980x653.jpg 980w, https:\/\/turismo.campeche.gob.mx\/wp-content\/uploads\/635179470_1216706363947251_5676709896549532327_n-1-480x320.jpg 480w\" sizes=\"(min-width: 0px) and (max-width: 480px) 480px, (min-width: 481px) and (max-width: 980px) 980px, (min-width: 981px) 1024px, 100vw\" \/><\/figure>\n","protected":false},"excerpt":{"rendered":"<p>Nuestra titular, Adda Sol\u00eds Peniche, asisti\u00f3 al \ud835\udc02\ud835\udc28\ud835\udc2b\ud835\udc2c\ud835\udc28 \ud835\udc08\ud835\udc27\ud835\udc1f\ud835\udc1a\ud835\udc27\ud835\udc2d\ud835\udc22\ud835\udc25 \ud835\udfd0\ud835\udfce\ud835\udfd0\ud835\udfd4 en su edici\u00f3n 65, sum\u00e1ndose a esta gran celebraci\u00f3n que forma parte del \ud835\udc02\ud835\udc1a\ud835\udc2b\ud835\udc27\ud835\udc1a\ud835\udc2f\ud835\udc1a\ud835\udc25 \ud835\udc1d\ud835\udc1e \ud835\udc02\ud835\udc1a\ud835\udc26\ud835\udc29\ud835\udc1e\ud835\udc1c\ud835\udc21\ud835\udc1e, una de las tradiciones m\u00e1s importantes y queridas de nuestro estado.<\/p>\n","protected":false},"author":4,"featured_media":2799,"comment_status":"open","ping_status":"open","sticky":false,"template":"","format":"standard","meta":{"_acf_changed":false,"_et_pb_use_builder":"off","_et_pb_old_content":"","_et_gb_content_width":"","inline_featured_image":false,"footnotes":""},"categories":[37],"tags":[],"acf":[],"_links":{"self":[{"href":"https:\/\/turismo.campeche.gob.mx\/index.php?rest_route=\/wp\/v2\/posts\/2797"}],"collection":[{"href":"https:\/\/turismo.campeche.gob.mx\/index.php?rest_route=\/wp\/v2\/posts"}],"about":[{"href":"https:\/\/turismo.campeche.gob.mx\/index.php?rest_route=\/wp\/v2\/types\/post"}],"author":[{"embeddable":true,"href":"https:\/\/turismo.campeche.gob.mx\/index.php?rest_route=\/wp\/v2\/users\/4"}],"replies":[{"embeddable":true,"href":"https:\/\/turismo.campeche.gob.mx\/index.php?rest_route=%2Fwp%2Fv2%2Fcomments&post=2797"}],"version-history":[{"count":1,"href":"https:\/\/turismo.campeche.gob.mx\/index.php?rest_route=\/wp\/v2\/posts\/2797\/revisions"}],"predecessor-version":[{"id":2801,"href":"https:\/\/turismo.campeche.gob.mx\/index.php?rest_route=\/wp\/v2\/posts\/2797\/revisions\/2801"}],"wp:featuredmedia":[{"embeddable":true,"href":"https:\/\/turismo.campeche.gob.mx\/index.php?rest_route=\/wp\/v2\/media\/2799"}],"wp:attachment":[{"href":"https:\/\/turismo.campeche.gob.mx\/index.php?rest_route=%2Fwp%2Fv2%2Fmedia&parent=2797"}],"wp:term":[{"taxonomy":"category","embeddable":true,"href":"https:\/\/turismo.campeche.gob.mx\/index.php?rest_route=%2Fwp%2Fv2%2Fcategories&post=2797"},{"taxonomy":"post_tag","embeddable":true,"href":"https:\/\/turismo.campeche.gob.mx\/index.php?rest_route=%2Fwp%2Fv2%2Ftags&post=2797"}],"curies":[{"name":"wp","href":"https:\/\/api.w.org\/{rel}","templated":true}]}}