{"id":2793,"date":"2026-02-12T08:00:00","date_gmt":"2026-02-12T14:00:00","guid":{"rendered":"https:\/\/turismo.campeche.gob.mx\/?p=2793"},"modified":"2026-02-23T08:33:34","modified_gmt":"2026-02-23T14:33:34","slug":"%f0%9d%90%82%f0%9d%90%a8%f0%9d%90%a7%f0%9d%90%ac%f0%9d%90%a8%f0%9d%90%a5%f0%9d%90%a2%f0%9d%90%9d%f0%9d%90%9a%f0%9d%90%a6%f0%9d%90%a8%f0%9d%90%ac-%f0%9d%90%9e%f0%9d%90%a5-%f0%9d%90%9d%f0%9d%90%9e","status":"publish","type":"post","link":"https:\/\/turismo.campeche.gob.mx\/?p=2793","title":{"rendered":"\ud835\udc02\ud835\udc28\ud835\udc27\ud835\udc2c\ud835\udc28\ud835\udc25\ud835\udc22\ud835\udc1d\ud835\udc1a\ud835\udc26\ud835\udc28\ud835\udc2c \ud835\udc1e\ud835\udc25 \ud835\udc1d\ud835\udc1e\ud835\udc2c\ud835\udc1a\ud835\udc2b\ud835\udc2b\ud835\udc28\ud835\udc25\ud835\udc25\ud835\udc28 \ud835\udc2d\ud835\udc2e\ud835\udc2b\ud835\udc22\u0301\ud835\udc2c\ud835\udc2d\ud835\udc22\ud835\udc1c\ud835\udc28 \ud835\udc1c\ud835\udc28\ud835\udc27 \ud835\udc22\ud835\udc1d\ud835\udc1e\ud835\udc27\ud835\udc2d\ud835\udc22\ud835\udc1d\ud835\udc1a\ud835\udc1d \ud835\udc1e\ud835\udc27 \ud835\udc13\ud835\udc1e\ud835\udc27\ud835\udc1a\ud835\udc1b\ud835\udc28"},"content":{"rendered":"\n<p>En esta ocasi\u00f3n, se llev\u00f3 a cabo una gira de trabajo en el municipio de Tenabo, encabezada por la titular de la Secretar\u00eda de Turismo, Adda Sol\u00eds Peniche, junto a a la alcaldesa Mariela S\u00e1nchez Espinoza, con el objetivo de \ud835\udc1c\ud835\udc28\ud835\udc27\ud835\udc2c\ud835\udc28\ud835\udc25\ud835\udc22\ud835\udc1d\ud835\udc1a\ud835\udc2b \ud835\udc1e\ud835\udc2c\ud835\udc2d\ud835\udc2b\ud835\udc1a\ud835\udc2d\ud835\udc1e\ud835\udc20\ud835\udc22\ud835\udc1a\ud835\udc2c que impulsen el desarrollo tur\u00edstico con identidad y participaci\u00f3n local.<\/p>\n\n\n\n<p>Durante la visita se realiz\u00f3 la instalaci\u00f3n e inauguraci\u00f3n del mapa tur\u00edstico de Tenabo, como parte de la estrategia de \ud835\udc1d\ud835\udc22\ud835\udc1f\ud835\udc2e\ud835\udc2c\ud835\udc22\u00f3\ud835\udc27 para fortalecer su proyecci\u00f3n y posicionamiento como destino dentro del estado.<\/p>\n\n\n\n<p>Posteriormente, se sostuvo un primer acercamiento con prestadores de servicios tur\u00edsticos para escuchar propuestas que contribuyan al \ud835\udc1f\ud835\udc28\ud835\udc2b\ud835\udc2d\ud835\udc1a\ud835\udc25\ud835\udc1e\ud835\udc1c\ud835\udc22\ud835\udc26\ud835\udc22\ud835\udc1e\ud835\udc27\ud835\udc2d\ud835\udc28 del sector en el municipio.<\/p>\n\n\n\n<p>Como parte de la agenda, se visit\u00f3 la comunidad de Tin\u00fan para conocer el proceso de elaboraci\u00f3n de conservas, destacando el valor del trabajo artesanal y su potencial dentro de la \ud835\udc28\ud835\udc1f\ud835\udc1e\ud835\udc2b\ud835\udc2d\ud835\udc1a \ud835\udc2d\ud835\udc2e\ud835\udc2b\u00ed\ud835\udc2c\ud835\udc2d\ud835\udc22\ud835\udc1c\ud835\udc1a. Asimismo, se recorri\u00f3 la zona arqueol\u00f3gica de Kank\u00ed y se degust\u00f3 parte de la gastronom\u00eda local, reafirmando el compromiso de \ud835\udc22\ud835\udc26\ud835\udc29\ud835\udc2e\ud835\udc25\ud835\udc2c\ud835\udc1a\ud835\udc2b experiencias aut\u00e9nticas que integren cultura, historia y tradici\u00f3n.<\/p>\n\n\n\n<figure class=\"wp-block-image size-large\"><img loading=\"lazy\" decoding=\"async\" width=\"768\" height=\"1024\" src=\"https:\/\/turismo.campeche.gob.mx\/wp-content\/uploads\/633928159_1215040190780535_2445840884401376129_n-768x1024.jpg\" alt=\"\" class=\"wp-image-2794\" \/><\/figure>\n","protected":false},"excerpt":{"rendered":"<p>En esta ocasi\u00f3n, se llev\u00f3 a cabo una gira de trabajo en el municipio de Tenabo, encabezada por la titular de la Secretar\u00eda de Turismo, Adda Sol\u00eds Peniche, junto a a la alcaldesa Mariela S\u00e1nchez Espinoza, con el objetivo de \ud835\udc1c\ud835\udc28\ud835\udc27\ud835\udc2c\ud835\udc28\ud835\udc25\ud835\udc22\ud835\udc1d\ud835\udc1a\ud835\udc2b \ud835\udc1e\ud835\udc2c\ud835\udc2d\ud835\udc2b\ud835\udc1a\ud835\udc2d\ud835\udc1e\ud835\udc20\ud835\udc22\ud835\udc1a\ud835\udc2c que impulsen el desarrollo tur\u00edstico con identidad y participaci\u00f3n local. Durante la visita [&hellip;]<\/p>\n","protected":false},"author":4,"featured_media":2795,"comment_status":"open","ping_status":"open","sticky":false,"template":"","format":"standard","meta":{"_acf_changed":false,"_et_pb_use_builder":"off","_et_pb_old_content":"","_et_gb_content_width":"","inline_featured_image":false,"footnotes":""},"categories":[37],"tags":[],"acf":[],"_links":{"self":[{"href":"https:\/\/turismo.campeche.gob.mx\/index.php?rest_route=\/wp\/v2\/posts\/2793"}],"collection":[{"href":"https:\/\/turismo.campeche.gob.mx\/index.php?rest_route=\/wp\/v2\/posts"}],"about":[{"href":"https:\/\/turismo.campeche.gob.mx\/index.php?rest_route=\/wp\/v2\/types\/post"}],"author":[{"embeddable":true,"href":"https:\/\/turismo.campeche.gob.mx\/index.php?rest_route=\/wp\/v2\/users\/4"}],"replies":[{"embeddable":true,"href":"https:\/\/turismo.campeche.gob.mx\/index.php?rest_route=%2Fwp%2Fv2%2Fcomments&post=2793"}],"version-history":[{"count":1,"href":"https:\/\/turismo.campeche.gob.mx\/index.php?rest_route=\/wp\/v2\/posts\/2793\/revisions"}],"predecessor-version":[{"id":2796,"href":"https:\/\/turismo.campeche.gob.mx\/index.php?rest_route=\/wp\/v2\/posts\/2793\/revisions\/2796"}],"wp:featuredmedia":[{"embeddable":true,"href":"https:\/\/turismo.campeche.gob.mx\/index.php?rest_route=\/wp\/v2\/media\/2795"}],"wp:attachment":[{"href":"https:\/\/turismo.campeche.gob.mx\/index.php?rest_route=%2Fwp%2Fv2%2Fmedia&parent=2793"}],"wp:term":[{"taxonomy":"category","embeddable":true,"href":"https:\/\/turismo.campeche.gob.mx\/index.php?rest_route=%2Fwp%2Fv2%2Fcategories&post=2793"},{"taxonomy":"post_tag","embeddable":true,"href":"https:\/\/turismo.campeche.gob.mx\/index.php?rest_route=%2Fwp%2Fv2%2Ftags&post=2793"}],"curies":[{"name":"wp","href":"https:\/\/api.w.org\/{rel}","templated":true}]}}