{"id":2789,"date":"2026-02-12T08:26:39","date_gmt":"2026-02-12T14:26:39","guid":{"rendered":"https:\/\/turismo.campeche.gob.mx\/?p=2789"},"modified":"2026-02-23T08:28:45","modified_gmt":"2026-02-23T14:28:45","slug":"secretaria-de-turismo-participa-en-toma-de-protesta-de-afeet-campeche-2026-y-refrenda-compromiso-con-el-sector-empresarial","status":"publish","type":"post","link":"https:\/\/turismo.campeche.gob.mx\/?p=2789","title":{"rendered":"Secretar\u00eda de Turismo participa en toma de protesta de AFEET Campeche 2026 y refrenda compromiso con el sector empresarial"},"content":{"rendered":"\n<p>La titular de la Secretar\u00eda de Turismo, Adda Sol\u00eds Peniche, asisti\u00f3 a la toma de protesta de la Asociaci\u00f3n Femenil de Ejecutivas de Empresas Tur\u00edsticas (AFEET) Filial Campeche 2026.<\/p>\n\n\n\n<p>Felicitamos a Lariza Crisanty y a su mesa directiva para el periodo 2026, dese\u00e1ndoles \u00e9xito en esta nueva etapa de trabajo en favor del fortalecimiento del sector tur\u00edstico.<\/p>\n\n\n\n<p>Desde la Secretar\u00eda de Turismo refrendamos nuestro compromiso de continuar trabajando en coordinaci\u00f3n con el sector empresarial para impulsar el desarrollo tur\u00edstico de Campeche.<\/p>\n\n\n\n<figure class=\"wp-block-image size-large\"><img loading=\"lazy\" decoding=\"async\" width=\"1024\" height=\"768\" src=\"https:\/\/turismo.campeche.gob.mx\/wp-content\/uploads\/632546671_1214958304122057_4387372587301219448_n-1024x768.jpg\" alt=\"\" class=\"wp-image-2791\" srcset=\"https:\/\/turismo.campeche.gob.mx\/wp-content\/uploads\/632546671_1214958304122057_4387372587301219448_n-980x735.jpg 980w, https:\/\/turismo.campeche.gob.mx\/wp-content\/uploads\/632546671_1214958304122057_4387372587301219448_n-480x360.jpg 480w\" sizes=\"(min-width: 0px) and (max-width: 480px) 480px, (min-width: 481px) and (max-width: 980px) 980px, (min-width: 981px) 1024px, 100vw\" \/><\/figure>\n","protected":false},"excerpt":{"rendered":"<p>La titular de la Secretar\u00eda de Turismo, Adda Sol\u00eds Peniche, asisti\u00f3 a la toma de protesta de la Asociaci\u00f3n Femenil de Ejecutivas de Empresas Tur\u00edsticas (AFEET) Filial Campeche 2026. Felicitamos a Lariza Crisanty y a su mesa directiva para el periodo 2026, dese\u00e1ndoles \u00e9xito en esta nueva etapa de trabajo en favor del fortalecimiento del [&hellip;]<\/p>\n","protected":false},"author":4,"featured_media":2790,"comment_status":"open","ping_status":"open","sticky":false,"template":"","format":"standard","meta":{"_acf_changed":false,"_et_pb_use_builder":"off","_et_pb_old_content":"","_et_gb_content_width":"","inline_featured_image":false,"footnotes":""},"categories":[37],"tags":[],"acf":[],"_links":{"self":[{"href":"https:\/\/turismo.campeche.gob.mx\/index.php?rest_route=\/wp\/v2\/posts\/2789"}],"collection":[{"href":"https:\/\/turismo.campeche.gob.mx\/index.php?rest_route=\/wp\/v2\/posts"}],"about":[{"href":"https:\/\/turismo.campeche.gob.mx\/index.php?rest_route=\/wp\/v2\/types\/post"}],"author":[{"embeddable":true,"href":"https:\/\/turismo.campeche.gob.mx\/index.php?rest_route=\/wp\/v2\/users\/4"}],"replies":[{"embeddable":true,"href":"https:\/\/turismo.campeche.gob.mx\/index.php?rest_route=%2Fwp%2Fv2%2Fcomments&post=2789"}],"version-history":[{"count":1,"href":"https:\/\/turismo.campeche.gob.mx\/index.php?rest_route=\/wp\/v2\/posts\/2789\/revisions"}],"predecessor-version":[{"id":2792,"href":"https:\/\/turismo.campeche.gob.mx\/index.php?rest_route=\/wp\/v2\/posts\/2789\/revisions\/2792"}],"wp:featuredmedia":[{"embeddable":true,"href":"https:\/\/turismo.campeche.gob.mx\/index.php?rest_route=\/wp\/v2\/media\/2790"}],"wp:attachment":[{"href":"https:\/\/turismo.campeche.gob.mx\/index.php?rest_route=%2Fwp%2Fv2%2Fmedia&parent=2789"}],"wp:term":[{"taxonomy":"category","embeddable":true,"href":"https:\/\/turismo.campeche.gob.mx\/index.php?rest_route=%2Fwp%2Fv2%2Fcategories&post=2789"},{"taxonomy":"post_tag","embeddable":true,"href":"https:\/\/turismo.campeche.gob.mx\/index.php?rest_route=%2Fwp%2Fv2%2Ftags&post=2789"}],"curies":[{"name":"wp","href":"https:\/\/api.w.org\/{rel}","templated":true}]}}