{"id":2784,"date":"2026-02-11T09:58:03","date_gmt":"2026-02-11T15:58:03","guid":{"rendered":"https:\/\/turismo.campeche.gob.mx\/?p=2784"},"modified":"2026-04-15T11:32:07","modified_gmt":"2026-04-15T17:32:07","slug":"campeche-listo-para-recibir-al-mundo-en-el-rally-maya-mexico-2026","status":"publish","type":"post","link":"https:\/\/turismo.campeche.gob.mx\/?p=2784","title":{"rendered":"Campeche listo para recibir al mundo en el Rally Maya M\u00e9xico 2026"},"content":{"rendered":"\n<p>Hoy en <a href=\"https:\/\/www.facebook.com\/hashtag\/campeche?__eep__=6&amp;__cft__[0]=AZZbAWyR0T3CXy_OqIgP9bswrZaMRCi3hbvb49jhNfKhn3gJvMfaRKu-cpuyHgGwmjUaNZxoT989TUgLslWdX_IhFvbVDEYVkXwlup08kWUalTy6az9PACQHRnDNHpXcAQGofswjeHJQ2TnCzCF3aHxlizvSqWZbo-_Su1JRWghBPLGFgP8SBAm8gZ_44DLjbMjMXNIOo1WvB4bCGryg4r6t&amp;__tn__=*NK-R\">#Campeche<\/a> dimos un paso m\u00e1s rumbo al <a href=\"https:\/\/www.facebook.com\/RallyMayaMexico?__cft__[0]=AZZbAWyR0T3CXy_OqIgP9bswrZaMRCi3hbvb49jhNfKhn3gJvMfaRKu-cpuyHgGwmjUaNZxoT989TUgLslWdX_IhFvbVDEYVkXwlup08kWUalTy6az9PACQHRnDNHpXcAQGofswjeHJQ2TnCzCF3aHxlizvSqWZbo-_Su1JRWghBPLGFgP8SBAm8gZ_44DLjbMjMXNIOo1WvB4bCGryg4r6t&amp;__tn__=-]K-R\">Rally Maya M\u00e9xico<\/a>, con la conferencia de prensa donde compartimos los detalles de este evento internacional que proyectar\u00e1 al estado ante el mundo.<\/p>\n\n\n\n<p>Del 27 de febrero al 7 de marzo, m\u00e1s de \ud835\udfed,\ud835\udff0\ud835\udfec\ud835\udfec \ud835\uddf8\ud835\uddfa, con \ud835\udff4\ud835\udfec \ud835\uddee\ud835\ude02\ud835\ude01\ud835\uddfc\ud835\ude00 \ud835\uddf5\ud835\uddf6\ud835\ude00\ud835\ude01\ud835\uddfc\u0301\ud835\uddff\ud835\uddf6\ud835\uddf0\ud835\uddfc\ud835\ude00 de \ud835\udff0\ud835\udfed \ud835\uddfd\ud835\uddee\ud835\uddf6\u0301\ud835\ude00\ud835\uddf2\ud835\ude00 y cerca de \ud835\udfee\ud835\udff1\ud835\udfec \ud835\uddfd\ud835\uddee\ud835\uddff\ud835\ude01\ud835\uddf6\ud835\uddf0\ud835\uddf6\ud835\uddfd\ud835\uddee\ud835\uddfb\ud835\ude01\ud835\uddf2\ud835\ude00 con paradas en Calakmul y Campeche capital.<\/p>\n\n\n\n<p>Seguimos impulsando un turismo deportivo, cultural y de alto valor que genera experiencias, visitantes y prosperidad compartida para Campeche.<\/p>\n\n\n\n<figure class=\"wp-block-image size-full\"><img loading=\"lazy\" decoding=\"async\" width=\"1024\" height=\"683\" src=\"https:\/\/turismo.campeche.gob.mx\/wp-content\/uploads\/633159117_122123174169056685_6808687528158956987_n.jpg\" alt=\"\" class=\"wp-image-2785\" srcset=\"https:\/\/turismo.campeche.gob.mx\/wp-content\/uploads\/633159117_122123174169056685_6808687528158956987_n.jpg 1024w, https:\/\/turismo.campeche.gob.mx\/wp-content\/uploads\/633159117_122123174169056685_6808687528158956987_n-980x654.jpg 980w, https:\/\/turismo.campeche.gob.mx\/wp-content\/uploads\/633159117_122123174169056685_6808687528158956987_n-480x320.jpg 480w\" sizes=\"(min-width: 0px) and (max-width: 480px) 480px, (min-width: 481px) and (max-width: 980px) 980px, (min-width: 981px) 1024px, 100vw\" \/><\/figure>\n","protected":false},"excerpt":{"rendered":"<p>Hoy en #Campeche dimos un paso m\u00e1s rumbo al Rally Maya M\u00e9xico, con la conferencia de prensa donde compartimos los detalles de este evento internacional que proyectar\u00e1 al estado ante el mundo. Del 27 de febrero al 7 de marzo, m\u00e1s de \ud835\udfed,\ud835\udff0\ud835\udfec\ud835\udfec \ud835\uddf8\ud835\uddfa, con \ud835\udff4\ud835\udfec \ud835\uddee\ud835\ude02\ud835\ude01\ud835\uddfc\ud835\ude00 \ud835\uddf5\ud835\uddf6\ud835\ude00\ud835\ude01\ud835\uddfc\u0301\ud835\uddff\ud835\uddf6\ud835\uddf0\ud835\uddfc\ud835\ude00 de \ud835\udff0\ud835\udfed \ud835\uddfd\ud835\uddee\ud835\uddf6\u0301\ud835\ude00\ud835\uddf2\ud835\ude00 y cerca de \ud835\udfee\ud835\udff1\ud835\udfec [&hellip;]<\/p>\n","protected":false},"author":4,"featured_media":2786,"comment_status":"open","ping_status":"open","sticky":false,"template":"","format":"standard","meta":{"_acf_changed":false,"_et_pb_use_builder":"off","_et_pb_old_content":"","_et_gb_content_width":"","inline_featured_image":false,"footnotes":""},"categories":[37],"tags":[],"acf":[],"_links":{"self":[{"href":"https:\/\/turismo.campeche.gob.mx\/index.php?rest_route=\/wp\/v2\/posts\/2784"}],"collection":[{"href":"https:\/\/turismo.campeche.gob.mx\/index.php?rest_route=\/wp\/v2\/posts"}],"about":[{"href":"https:\/\/turismo.campeche.gob.mx\/index.php?rest_route=\/wp\/v2\/types\/post"}],"author":[{"embeddable":true,"href":"https:\/\/turismo.campeche.gob.mx\/index.php?rest_route=\/wp\/v2\/users\/4"}],"replies":[{"embeddable":true,"href":"https:\/\/turismo.campeche.gob.mx\/index.php?rest_route=%2Fwp%2Fv2%2Fcomments&post=2784"}],"version-history":[{"count":3,"href":"https:\/\/turismo.campeche.gob.mx\/index.php?rest_route=\/wp\/v2\/posts\/2784\/revisions"}],"predecessor-version":[{"id":3042,"href":"https:\/\/turismo.campeche.gob.mx\/index.php?rest_route=\/wp\/v2\/posts\/2784\/revisions\/3042"}],"wp:featuredmedia":[{"embeddable":true,"href":"https:\/\/turismo.campeche.gob.mx\/index.php?rest_route=\/wp\/v2\/media\/2786"}],"wp:attachment":[{"href":"https:\/\/turismo.campeche.gob.mx\/index.php?rest_route=%2Fwp%2Fv2%2Fmedia&parent=2784"}],"wp:term":[{"taxonomy":"category","embeddable":true,"href":"https:\/\/turismo.campeche.gob.mx\/index.php?rest_route=%2Fwp%2Fv2%2Fcategories&post=2784"},{"taxonomy":"post_tag","embeddable":true,"href":"https:\/\/turismo.campeche.gob.mx\/index.php?rest_route=%2Fwp%2Fv2%2Ftags&post=2784"}],"curies":[{"name":"wp","href":"https:\/\/api.w.org\/{rel}","templated":true}]}}