{"id":2770,"date":"2026-02-09T09:47:20","date_gmt":"2026-02-09T15:47:20","guid":{"rendered":"https:\/\/turismo.campeche.gob.mx\/?p=2770"},"modified":"2026-02-12T09:50:08","modified_gmt":"2026-02-12T15:50:08","slug":"musica-y-orgullo-en-el-concierto-de-la-banda-representativa-de-la-x-region-militar","status":"publish","type":"post","link":"https:\/\/turismo.campeche.gob.mx\/?p=2770","title":{"rendered":"M\u00fasica y orgullo en el Concierto de la Banda Representativa de la X Regi\u00f3n Militar"},"content":{"rendered":"\n<p>Bailamos y disfrutamos junto a nuestra Gobernadora <a href=\"https:\/\/www.facebook.com\/LaydaSansores?__cft__[0]=AZZNRG759AAzkXmv8J-duZpgiPCHzvC0gMv9clkH-aOFkklrrkJ8oW2p2v09ci80KDyvaX0P01u7WgI3hbNTbKB6X8k-TqUYV3zo2k11R6SgtDooqldeDfxpu76bxE4g4rLiMyNTMaXxJIpBOnMHh8GUSDAwsWgYkCOuRb43mb-CDsRIpTFRpbyLGa-eC4gKXyEmUIBDYnCNjI8sR6O7hKsM&amp;__tn__=-]K-R\">Layda Sansores<\/a> y la Presidenta del <a href=\"https:\/\/www.facebook.com\/DIFCampeche?__cft__[0]=AZZNRG759AAzkXmv8J-duZpgiPCHzvC0gMv9clkH-aOFkklrrkJ8oW2p2v09ci80KDyvaX0P01u7WgI3hbNTbKB6X8k-TqUYV3zo2k11R6SgtDooqldeDfxpu76bxE4g4rLiMyNTMaXxJIpBOnMHh8GUSDAwsWgYkCOuRb43mb-CDsRIpTFRpbyLGa-eC4gKXyEmUIBDYnCNjI8sR6O7hKsM&amp;__tn__=-]K-R\">DIF Estatal Campeche<\/a>, Laura Sansores San Rom\u00e1n, en el \ud835\uddd6\ud835\uddfc\ud835\uddfb\ud835\uddf0\ud835\uddf6\ud835\uddf2\ud835\uddff\ud835\ude01\ud835\uddfc \ud835\udde0\ud835\ude02\ud835\ude00\ud835\uddf6\ud835\uddf0\ud835\uddee\ud835\uddf9 \ud835\uddf1\ud835\uddf2 \ud835\uddf9\ud835\uddee \ud835\uddd5\ud835\uddee\ud835\uddfb\ud835\uddf1\ud835\uddee \ud835\udde5\ud835\uddf2\ud835\uddfd\ud835\uddff\ud835\uddf2\ud835\ude00\ud835\uddf2\ud835\uddfb\ud835\ude01\ud835\uddee\ud835\ude01\ud835\uddf6\ud835\ude03\ud835\uddee \ud835\uddf1\ud835\uddf2 \ud835\uddf9\ud835\uddee \ud835\uddeb \ud835\udde5\ud835\uddf2\ud835\uddf4\ud835\uddf6\ud835\uddfc\u0301\ud835\uddfb \ud835\udde0\ud835\uddf6\ud835\uddf9\ud835\uddf6\ud835\ude01\ud835\uddee\ud835\uddff, un momento de convivencia, m\u00fasica y orgullo.<\/p>\n\n\n\n<p>Una presentaci\u00f3n que celebra el talento y fortalece el v\u00ednculo con nuestras Fuerzas Armadas.<\/p>\n\n\n\n<figure class=\"wp-block-image size-large\"><img loading=\"lazy\" decoding=\"async\" width=\"1024\" height=\"682\" src=\"https:\/\/turismo.campeche.gob.mx\/wp-content\/uploads\/631893065_122122776933056685_471978364030088545_n-1024x682.jpg\" alt=\"\" class=\"wp-image-2772\" srcset=\"https:\/\/turismo.campeche.gob.mx\/wp-content\/uploads\/631893065_122122776933056685_471978364030088545_n-980x653.jpg 980w, https:\/\/turismo.campeche.gob.mx\/wp-content\/uploads\/631893065_122122776933056685_471978364030088545_n-480x320.jpg 480w\" sizes=\"(min-width: 0px) and (max-width: 480px) 480px, (min-width: 481px) and (max-width: 980px) 980px, (min-width: 981px) 1024px, 100vw\" \/><\/figure>\n","protected":false},"excerpt":{"rendered":"<p>Bailamos y disfrutamos junto a nuestra Gobernadora Layda Sansores y la Presidenta del DIF Estatal Campeche, Laura Sansores San Rom\u00e1n, en el \ud835\uddd6\ud835\uddfc\ud835\uddfb\ud835\uddf0\ud835\uddf6\ud835\uddf2\ud835\uddff\ud835\ude01\ud835\uddfc \ud835\udde0\ud835\ude02\ud835\ude00\ud835\uddf6\ud835\uddf0\ud835\uddee\ud835\uddf9 \ud835\uddf1\ud835\uddf2 \ud835\uddf9\ud835\uddee \ud835\uddd5\ud835\uddee\ud835\uddfb\ud835\uddf1\ud835\uddee \ud835\udde5\ud835\uddf2\ud835\uddfd\ud835\uddff\ud835\uddf2\ud835\ude00\ud835\uddf2\ud835\uddfb\ud835\ude01\ud835\uddee\ud835\ude01\ud835\uddf6\ud835\ude03\ud835\uddee \ud835\uddf1\ud835\uddf2 \ud835\uddf9\ud835\uddee \ud835\uddeb \ud835\udde5\ud835\uddf2\ud835\uddf4\ud835\uddf6\ud835\uddfc\u0301\ud835\uddfb \ud835\udde0\ud835\uddf6\ud835\uddf9\ud835\uddf6\ud835\ude01\ud835\uddee\ud835\uddff, un momento de convivencia, m\u00fasica y orgullo. Una presentaci\u00f3n que celebra el talento y fortalece el v\u00ednculo con nuestras Fuerzas Armadas.<\/p>\n","protected":false},"author":4,"featured_media":2771,"comment_status":"open","ping_status":"open","sticky":false,"template":"","format":"standard","meta":{"_acf_changed":false,"_et_pb_use_builder":"off","_et_pb_old_content":"","_et_gb_content_width":"","inline_featured_image":false,"footnotes":""},"categories":[37],"tags":[],"acf":[],"_links":{"self":[{"href":"https:\/\/turismo.campeche.gob.mx\/index.php?rest_route=\/wp\/v2\/posts\/2770"}],"collection":[{"href":"https:\/\/turismo.campeche.gob.mx\/index.php?rest_route=\/wp\/v2\/posts"}],"about":[{"href":"https:\/\/turismo.campeche.gob.mx\/index.php?rest_route=\/wp\/v2\/types\/post"}],"author":[{"embeddable":true,"href":"https:\/\/turismo.campeche.gob.mx\/index.php?rest_route=\/wp\/v2\/users\/4"}],"replies":[{"embeddable":true,"href":"https:\/\/turismo.campeche.gob.mx\/index.php?rest_route=%2Fwp%2Fv2%2Fcomments&post=2770"}],"version-history":[{"count":1,"href":"https:\/\/turismo.campeche.gob.mx\/index.php?rest_route=\/wp\/v2\/posts\/2770\/revisions"}],"predecessor-version":[{"id":2773,"href":"https:\/\/turismo.campeche.gob.mx\/index.php?rest_route=\/wp\/v2\/posts\/2770\/revisions\/2773"}],"wp:featuredmedia":[{"embeddable":true,"href":"https:\/\/turismo.campeche.gob.mx\/index.php?rest_route=\/wp\/v2\/media\/2771"}],"wp:attachment":[{"href":"https:\/\/turismo.campeche.gob.mx\/index.php?rest_route=%2Fwp%2Fv2%2Fmedia&parent=2770"}],"wp:term":[{"taxonomy":"category","embeddable":true,"href":"https:\/\/turismo.campeche.gob.mx\/index.php?rest_route=%2Fwp%2Fv2%2Fcategories&post=2770"},{"taxonomy":"post_tag","embeddable":true,"href":"https:\/\/turismo.campeche.gob.mx\/index.php?rest_route=%2Fwp%2Fv2%2Ftags&post=2770"}],"curies":[{"name":"wp","href":"https:\/\/api.w.org\/{rel}","templated":true}]}}