{"id":2766,"date":"2026-02-08T09:41:27","date_gmt":"2026-02-08T15:41:27","guid":{"rendered":"https:\/\/turismo.campeche.gob.mx\/?p=2766"},"modified":"2026-02-12T09:45:43","modified_gmt":"2026-02-12T15:45:43","slug":"una-noche-llena-de-alegria-inclusion-y-corazon","status":"publish","type":"post","link":"https:\/\/turismo.campeche.gob.mx\/?p=2766","title":{"rendered":"\u00a1Una noche llena de alegr\u00eda, inclusi\u00f3n y coraz\u00f3n!"},"content":{"rendered":"\n<p>Me encant\u00f3 ser parte de la coronaci\u00f3n de Natali Meneses y Jes\u00fas Gabriel como \ud835\udde5\ud835\uddf2\ud835\ude06\ud835\uddf2\ud835\ude00 \ud835\uddf1\ud835\uddf2\ud835\uddf9 \ud835\uddd6\ud835\uddee\ud835\uddff\ud835\uddfb\ud835\uddee\ud835\ude03\ud835\uddee\ud835\uddf9 \ud835\udddc\ud835\uddfb\ud835\uddf0\ud835\uddf9\ud835\ude02\ud835\ude00\ud835\uddf6\ud835\ude03\ud835\uddfc \ud835\udfee\ud835\udfec\ud835\udfee\ud835\udff2.<\/p>\n\n\n\n<p>Felicidades al <a href=\"https:\/\/www.facebook.com\/DIFCampeche?__cft__[0]=AZatzvBK6m7UZFc-e-5AZaPOuA2Sh6MScmk5ffo-mnMvDJOCXTkWGd_NCE78C4NNyIxmhGVF00a3aea_MCYdp_uUwB_zcNM55s3qD-x61AIzLPTPuWhg2G7YXKxHrilVP-tTXXe-EaGNPW3B0MYrFhrlLQIfavx-IXyVzsvSxebQCcmlwyeSP8flr4XByLNrWNQkcI9V2YhcVscYCRubtPvc&amp;__tn__=-]K-R\">DIF Estatal Campeche<\/a> y a su presidenta Laura Sansores San Rom\u00e1n, por hacer posible este evento tan emotivo y que cerr\u00f3 con un lleno total con la presentaci\u00f3n de Pollymarchs.<\/p>\n\n\n\n<figure class=\"wp-block-image size-large\"><img loading=\"lazy\" decoding=\"async\" width=\"1024\" height=\"768\" src=\"https:\/\/turismo.campeche.gob.mx\/wp-content\/uploads\/632009970_122122770939056685_3599338797208829233_n-1024x768.jpg\" alt=\"\" class=\"wp-image-2767\" srcset=\"https:\/\/turismo.campeche.gob.mx\/wp-content\/uploads\/632009970_122122770939056685_3599338797208829233_n-980x735.jpg 980w, https:\/\/turismo.campeche.gob.mx\/wp-content\/uploads\/632009970_122122770939056685_3599338797208829233_n-480x360.jpg 480w\" sizes=\"(min-width: 0px) and (max-width: 480px) 480px, (min-width: 481px) and (max-width: 980px) 980px, (min-width: 981px) 1024px, 100vw\" \/><\/figure>\n","protected":false},"excerpt":{"rendered":"<p>Me encant\u00f3 ser parte de la coronaci\u00f3n de Natali Meneses y Jes\u00fas Gabriel como \ud835\udde5\ud835\uddf2\ud835\ude06\ud835\uddf2\ud835\ude00 \ud835\uddf1\ud835\uddf2\ud835\uddf9 \ud835\uddd6\ud835\uddee\ud835\uddff\ud835\uddfb\ud835\uddee\ud835\ude03\ud835\uddee\ud835\uddf9 \ud835\udddc\ud835\uddfb\ud835\uddf0\ud835\uddf9\ud835\ude02\ud835\ude00\ud835\uddf6\ud835\ude03\ud835\uddfc \ud835\udfee\ud835\udfec\ud835\udfee\ud835\udff2. Felicidades al DIF Estatal Campeche y a su presidenta Laura Sansores San Rom\u00e1n, por hacer posible este evento tan emotivo y que cerr\u00f3 con un lleno total con la presentaci\u00f3n de Pollymarchs.<\/p>\n","protected":false},"author":4,"featured_media":2768,"comment_status":"open","ping_status":"open","sticky":false,"template":"","format":"standard","meta":{"_acf_changed":false,"_et_pb_use_builder":"off","_et_pb_old_content":"","_et_gb_content_width":"","inline_featured_image":false,"footnotes":""},"categories":[37],"tags":[],"acf":[],"_links":{"self":[{"href":"https:\/\/turismo.campeche.gob.mx\/index.php?rest_route=\/wp\/v2\/posts\/2766"}],"collection":[{"href":"https:\/\/turismo.campeche.gob.mx\/index.php?rest_route=\/wp\/v2\/posts"}],"about":[{"href":"https:\/\/turismo.campeche.gob.mx\/index.php?rest_route=\/wp\/v2\/types\/post"}],"author":[{"embeddable":true,"href":"https:\/\/turismo.campeche.gob.mx\/index.php?rest_route=\/wp\/v2\/users\/4"}],"replies":[{"embeddable":true,"href":"https:\/\/turismo.campeche.gob.mx\/index.php?rest_route=%2Fwp%2Fv2%2Fcomments&post=2766"}],"version-history":[{"count":1,"href":"https:\/\/turismo.campeche.gob.mx\/index.php?rest_route=\/wp\/v2\/posts\/2766\/revisions"}],"predecessor-version":[{"id":2769,"href":"https:\/\/turismo.campeche.gob.mx\/index.php?rest_route=\/wp\/v2\/posts\/2766\/revisions\/2769"}],"wp:featuredmedia":[{"embeddable":true,"href":"https:\/\/turismo.campeche.gob.mx\/index.php?rest_route=\/wp\/v2\/media\/2768"}],"wp:attachment":[{"href":"https:\/\/turismo.campeche.gob.mx\/index.php?rest_route=%2Fwp%2Fv2%2Fmedia&parent=2766"}],"wp:term":[{"taxonomy":"category","embeddable":true,"href":"https:\/\/turismo.campeche.gob.mx\/index.php?rest_route=%2Fwp%2Fv2%2Fcategories&post=2766"},{"taxonomy":"post_tag","embeddable":true,"href":"https:\/\/turismo.campeche.gob.mx\/index.php?rest_route=%2Fwp%2Fv2%2Ftags&post=2766"}],"curies":[{"name":"wp","href":"https:\/\/api.w.org\/{rel}","templated":true}]}}