{"id":2762,"date":"2026-02-10T09:36:18","date_gmt":"2026-02-10T15:36:18","guid":{"rendered":"https:\/\/turismo.campeche.gob.mx\/?p=2762"},"modified":"2026-02-12T09:39:33","modified_gmt":"2026-02-12T15:39:33","slug":"sectur-presenta-sus-primeros-100-dias-de-gestion-ante-el-consejo-coordinador-empresarial","status":"publish","type":"post","link":"https:\/\/turismo.campeche.gob.mx\/?p=2762","title":{"rendered":"SECTUR presenta sus primeros 100 d\u00edas de gesti\u00f3n ante el Consejo Coordinador Empresarial"},"content":{"rendered":"\n<p>La secretaria de Turismo, Adda Solis Peniche, asisti\u00f3 a la reuni\u00f3n del \ud835\udc02\ud835\udc28\ud835\udc27\ud835\udc2c\ud835\udc1e\ud835\udc23\ud835\udc28 \ud835\udc02\ud835\udc28\ud835\udc28\ud835\udc2b\ud835\udc1d\ud835\udc22\ud835\udc27\ud835\udc1a\ud835\udc1d\ud835\udc28\ud835\udc2b \ud835\udc04\ud835\udc26\ud835\udc29\ud835\udc2b\ud835\udc1e\ud835\udc2c\ud835\udc1a\ud835\udc2b\ud835\udc22\ud835\udc1a\ud835\udc25 (CCE), en compa\u00f1\u00eda de empresarias y empresarios campechanos y de su presidenta, Martha Reyes Aldama.<\/p>\n\n\n\n<p>Durante este encuentro se presentaron los primeros \ud835\udfcf\ud835\udfce\ud835\udfce \ud835\udc1d\u00ed\ud835\udc1a\ud835\udc2c \ud835\udc1d\ud835\udc1e \ud835\udc20\ud835\udc1e\ud835\udc2c\ud835\udc2d\ud835\udc22\u00f3\ud835\udc27 de la Secretar\u00eda de Turismo, destacando las acciones y estrategias implementadas para el fortalecimiento del turismo en el estado, as\u00ed como el trabajo coordinado con el sector empresarial para impulsar el desarrollo econ\u00f3mico y tur\u00edstico de Campeche.<\/p>\n\n\n\n<p>Seguimos \ud835\udc2d\ud835\udc2b\ud835\udc1a\ud835\udc1b\ud835\udc1a\ud835\udc23\ud835\udc1a\ud835\udc27\ud835\udc1d\ud835\udc28 en equipo por un turismo m\u00e1s fuerte, competitivo y en beneficio de todas y todos.<\/p>\n\n\n\n<figure class=\"wp-block-image size-large\"><img loading=\"lazy\" decoding=\"async\" width=\"1024\" height=\"683\" src=\"https:\/\/turismo.campeche.gob.mx\/wp-content\/uploads\/631966659_1213290294288858_1908286164135106632_n-1024x683.jpg\" alt=\"\" class=\"wp-image-2763\" srcset=\"https:\/\/turismo.campeche.gob.mx\/wp-content\/uploads\/631966659_1213290294288858_1908286164135106632_n-980x653.jpg 980w, https:\/\/turismo.campeche.gob.mx\/wp-content\/uploads\/631966659_1213290294288858_1908286164135106632_n-480x320.jpg 480w\" sizes=\"(min-width: 0px) and (max-width: 480px) 480px, (min-width: 481px) and (max-width: 980px) 980px, (min-width: 981px) 1024px, 100vw\" \/><\/figure>\n","protected":false},"excerpt":{"rendered":"<p>La secretaria de Turismo, Adda Solis Peniche, asisti\u00f3 a la reuni\u00f3n del \ud835\udc02\ud835\udc28\ud835\udc27\ud835\udc2c\ud835\udc1e\ud835\udc23\ud835\udc28 \ud835\udc02\ud835\udc28\ud835\udc28\ud835\udc2b\ud835\udc1d\ud835\udc22\ud835\udc27\ud835\udc1a\ud835\udc1d\ud835\udc28\ud835\udc2b \ud835\udc04\ud835\udc26\ud835\udc29\ud835\udc2b\ud835\udc1e\ud835\udc2c\ud835\udc1a\ud835\udc2b\ud835\udc22\ud835\udc1a\ud835\udc25 (CCE), en compa\u00f1\u00eda de empresarias y empresarios campechanos y de su presidenta, Martha Reyes Aldama. Durante este encuentro se presentaron los primeros \ud835\udfcf\ud835\udfce\ud835\udfce \ud835\udc1d\u00ed\ud835\udc1a\ud835\udc2c \ud835\udc1d\ud835\udc1e \ud835\udc20\ud835\udc1e\ud835\udc2c\ud835\udc2d\ud835\udc22\u00f3\ud835\udc27 de la Secretar\u00eda de Turismo, destacando las acciones y estrategias implementadas para el fortalecimiento [&hellip;]<\/p>\n","protected":false},"author":4,"featured_media":2764,"comment_status":"open","ping_status":"open","sticky":false,"template":"","format":"standard","meta":{"_acf_changed":false,"_et_pb_use_builder":"off","_et_pb_old_content":"","_et_gb_content_width":"","inline_featured_image":false,"footnotes":""},"categories":[37],"tags":[],"acf":[],"_links":{"self":[{"href":"https:\/\/turismo.campeche.gob.mx\/index.php?rest_route=\/wp\/v2\/posts\/2762"}],"collection":[{"href":"https:\/\/turismo.campeche.gob.mx\/index.php?rest_route=\/wp\/v2\/posts"}],"about":[{"href":"https:\/\/turismo.campeche.gob.mx\/index.php?rest_route=\/wp\/v2\/types\/post"}],"author":[{"embeddable":true,"href":"https:\/\/turismo.campeche.gob.mx\/index.php?rest_route=\/wp\/v2\/users\/4"}],"replies":[{"embeddable":true,"href":"https:\/\/turismo.campeche.gob.mx\/index.php?rest_route=%2Fwp%2Fv2%2Fcomments&post=2762"}],"version-history":[{"count":1,"href":"https:\/\/turismo.campeche.gob.mx\/index.php?rest_route=\/wp\/v2\/posts\/2762\/revisions"}],"predecessor-version":[{"id":2765,"href":"https:\/\/turismo.campeche.gob.mx\/index.php?rest_route=\/wp\/v2\/posts\/2762\/revisions\/2765"}],"wp:featuredmedia":[{"embeddable":true,"href":"https:\/\/turismo.campeche.gob.mx\/index.php?rest_route=\/wp\/v2\/media\/2764"}],"wp:attachment":[{"href":"https:\/\/turismo.campeche.gob.mx\/index.php?rest_route=%2Fwp%2Fv2%2Fmedia&parent=2762"}],"wp:term":[{"taxonomy":"category","embeddable":true,"href":"https:\/\/turismo.campeche.gob.mx\/index.php?rest_route=%2Fwp%2Fv2%2Fcategories&post=2762"},{"taxonomy":"post_tag","embeddable":true,"href":"https:\/\/turismo.campeche.gob.mx\/index.php?rest_route=%2Fwp%2Fv2%2Ftags&post=2762"}],"curies":[{"name":"wp","href":"https:\/\/api.w.org\/{rel}","templated":true}]}}