{"id":2757,"date":"2026-02-06T09:33:57","date_gmt":"2026-02-06T15:33:57","guid":{"rendered":"https:\/\/turismo.campeche.gob.mx\/?p=2757"},"modified":"2026-02-12T09:35:38","modified_gmt":"2026-02-12T15:35:38","slug":"hopelchen-avanza-en-su-proyeccion-turistica-con-nuevas-estrategias-y-promocion","status":"publish","type":"post","link":"https:\/\/turismo.campeche.gob.mx\/?p=2757","title":{"rendered":"Hopelch\u00e9n avanza en su proyecci\u00f3n tur\u00edstica con nuevas estrategias y promoci\u00f3n"},"content":{"rendered":"\n<p>La titular de la Secretar\u00eda de Turismo, Adda Sol\u00eds Peniche, encabez\u00f3 una gira de trabajo por el municipio de Hopelch\u00e9n junto al presidente municipal Hiram Aranda Calder\u00f3n, con el objetivo de \ud835\udc1f\ud835\udc28\ud835\udc2b\ud835\udc2d\ud835\udc1a\ud835\udc25\ud835\udc1e\ud835\udc1c\ud835\udc1e\ud835\udc2b el desarrollo tur\u00edstico de la regi\u00f3n.<\/p>\n\n\n\n<p>Durante la jornada se dialog\u00f3 con prestadores de servicios tur\u00edsticos para \ud835\udc1c\ud835\udc28\ud835\udc27\ud835\udc2c\ud835\udc2d\ud835\udc2b\ud835\udc2e\ud835\udc22\ud835\udc2b \ud835\udc1e\ud835\udc2c\ud835\udc2d\ud835\udc2b\ud835\udc1a\ud835\udc2d\ud835\udc1e\ud835\udc20\ud835\udc22\ud835\udc1a\ud835\udc2c que impulsen el turismo local y fortalezcan la Red Estatal de Turismo Comunitario.<\/p>\n\n\n\n<p>Como parte de la visita, se inaugur\u00f3 el espectacular \u201c\ud835\udc00\ud835\udc26\ud835\udc28 \ud835\udc07\ud835\udc28\ud835\udc29\ud835\udc1e\ud835\udc25\ud835\udc1c\ud835\udc21\u00e9\ud835\udc27\u201d, herramienta de promoci\u00f3n que contar\u00e1 con un micrositio digital, y se realizaron recorridos por diversos atractivos tur\u00edsticos para identificar necesidades y acciones de mejora.<\/p>\n\n\n\n<figure class=\"wp-block-image size-large\"><img loading=\"lazy\" decoding=\"async\" width=\"1024\" height=\"683\" src=\"https:\/\/turismo.campeche.gob.mx\/wp-content\/uploads\/630298042_1210055251279029_2737451877106257008_n-1-1024x683.jpg\" alt=\"\" class=\"wp-image-2760\" srcset=\"https:\/\/turismo.campeche.gob.mx\/wp-content\/uploads\/630298042_1210055251279029_2737451877106257008_n-1-980x653.jpg 980w, https:\/\/turismo.campeche.gob.mx\/wp-content\/uploads\/630298042_1210055251279029_2737451877106257008_n-1-480x320.jpg 480w\" sizes=\"(min-width: 0px) and (max-width: 480px) 480px, (min-width: 481px) and (max-width: 980px) 980px, (min-width: 981px) 1024px, 100vw\" \/><\/figure>\n","protected":false},"excerpt":{"rendered":"<p>La titular de la Secretar\u00eda de Turismo, Adda Sol\u00eds Peniche, encabez\u00f3 una gira de trabajo por el municipio de Hopelch\u00e9n junto al presidente municipal Hiram Aranda Calder\u00f3n, con el objetivo de \ud835\udc1f\ud835\udc28\ud835\udc2b\ud835\udc2d\ud835\udc1a\ud835\udc25\ud835\udc1e\ud835\udc1c\ud835\udc1e\ud835\udc2b el desarrollo tur\u00edstico de la regi\u00f3n. Durante la jornada se dialog\u00f3 con prestadores de servicios tur\u00edsticos para \ud835\udc1c\ud835\udc28\ud835\udc27\ud835\udc2c\ud835\udc2d\ud835\udc2b\ud835\udc2e\ud835\udc22\ud835\udc2b \ud835\udc1e\ud835\udc2c\ud835\udc2d\ud835\udc2b\ud835\udc1a\ud835\udc2d\ud835\udc1e\ud835\udc20\ud835\udc22\ud835\udc1a\ud835\udc2c que impulsen el turismo [&hellip;]<\/p>\n","protected":false},"author":4,"featured_media":2759,"comment_status":"open","ping_status":"open","sticky":false,"template":"","format":"standard","meta":{"_acf_changed":false,"_et_pb_use_builder":"off","_et_pb_old_content":"","_et_gb_content_width":"","inline_featured_image":false,"footnotes":""},"categories":[37],"tags":[],"acf":[],"_links":{"self":[{"href":"https:\/\/turismo.campeche.gob.mx\/index.php?rest_route=\/wp\/v2\/posts\/2757"}],"collection":[{"href":"https:\/\/turismo.campeche.gob.mx\/index.php?rest_route=\/wp\/v2\/posts"}],"about":[{"href":"https:\/\/turismo.campeche.gob.mx\/index.php?rest_route=\/wp\/v2\/types\/post"}],"author":[{"embeddable":true,"href":"https:\/\/turismo.campeche.gob.mx\/index.php?rest_route=\/wp\/v2\/users\/4"}],"replies":[{"embeddable":true,"href":"https:\/\/turismo.campeche.gob.mx\/index.php?rest_route=%2Fwp%2Fv2%2Fcomments&post=2757"}],"version-history":[{"count":1,"href":"https:\/\/turismo.campeche.gob.mx\/index.php?rest_route=\/wp\/v2\/posts\/2757\/revisions"}],"predecessor-version":[{"id":2761,"href":"https:\/\/turismo.campeche.gob.mx\/index.php?rest_route=\/wp\/v2\/posts\/2757\/revisions\/2761"}],"wp:featuredmedia":[{"embeddable":true,"href":"https:\/\/turismo.campeche.gob.mx\/index.php?rest_route=\/wp\/v2\/media\/2759"}],"wp:attachment":[{"href":"https:\/\/turismo.campeche.gob.mx\/index.php?rest_route=%2Fwp%2Fv2%2Fmedia&parent=2757"}],"wp:term":[{"taxonomy":"category","embeddable":true,"href":"https:\/\/turismo.campeche.gob.mx\/index.php?rest_route=%2Fwp%2Fv2%2Fcategories&post=2757"},{"taxonomy":"post_tag","embeddable":true,"href":"https:\/\/turismo.campeche.gob.mx\/index.php?rest_route=%2Fwp%2Fv2%2Ftags&post=2757"}],"curies":[{"name":"wp","href":"https:\/\/api.w.org\/{rel}","templated":true}]}}