{"id":2753,"date":"2026-02-06T09:32:05","date_gmt":"2026-02-06T15:32:05","guid":{"rendered":"https:\/\/turismo.campeche.gob.mx\/?p=2753"},"modified":"2026-02-12T09:33:32","modified_gmt":"2026-02-12T15:33:32","slug":"sectur-coordina-acciones-para-fortalecer-la-promocion-del-corso-infantil-2026","status":"publish","type":"post","link":"https:\/\/turismo.campeche.gob.mx\/?p=2753","title":{"rendered":"SECTUR coordina acciones para fortalecer la promoci\u00f3n del Corso Infantil 2026"},"content":{"rendered":"\n<p>La Secretar\u00eda de Turismo, encabezada por su titular Adda Sol\u00eds Peniche, sostuvo una reuni\u00f3n de trabajo con presidentes de organismos tur\u00edsticos y personal de la SEDUC para sumar esfuerzos en la promoci\u00f3n del Corso Infantil 2026, impulsando acciones de \ud835\udc1d\ud835\udc22\ud835\udc1f\ud835\udc2e\ud835\udc2c\ud835\udc22\u00f3\ud835\udc27 \ud835\udc2d\ud835\udc2e\ud835\udc2b\u00ed\ud835\udc2c\ud835\udc2d\ud835\udc22\ud835\udc1c\ud835\udc1a, activaciones familiares y la promoci\u00f3n del malec\u00f3n como escenario cultural del Carnaval de Campeche.<\/p>\n\n\n\n<p>De esta forma, se fortalece la \ud835\udc29\ud835\udc2b\ud835\udc28\ud835\udc32\ud835\udc1e\ud835\udc1c\ud835\udc1c\ud835\udc22\u00f3\ud835\udc27 \ud835\udc2d\ud835\udc2e\ud835\udc2b\u00ed\ud835\udc2c\ud835\udc2d\ud835\udc22\ud835\udc1c\ud835\udc1a y familiar de esta tradicional celebraci\u00f3n.<\/p>\n\n\n\n<figure class=\"wp-block-image size-large\"><img loading=\"lazy\" decoding=\"async\" width=\"1024\" height=\"683\" src=\"https:\/\/turismo.campeche.gob.mx\/wp-content\/uploads\/629832831_1209783864639501_152373529523848901_n-1024x683.jpg\" alt=\"\" class=\"wp-image-2755\" srcset=\"https:\/\/turismo.campeche.gob.mx\/wp-content\/uploads\/629832831_1209783864639501_152373529523848901_n-980x653.jpg 980w, https:\/\/turismo.campeche.gob.mx\/wp-content\/uploads\/629832831_1209783864639501_152373529523848901_n-480x320.jpg 480w\" sizes=\"(min-width: 0px) and (max-width: 480px) 480px, (min-width: 481px) and (max-width: 980px) 980px, (min-width: 981px) 1024px, 100vw\" \/><\/figure>\n","protected":false},"excerpt":{"rendered":"<p>La Secretar\u00eda de Turismo, encabezada por su titular Adda Sol\u00eds Peniche, sostuvo una reuni\u00f3n de trabajo con presidentes de organismos tur\u00edsticos y personal de la SEDUC para sumar esfuerzos en la promoci\u00f3n del Corso Infantil 2026, impulsando acciones de \ud835\udc1d\ud835\udc22\ud835\udc1f\ud835\udc2e\ud835\udc2c\ud835\udc22\u00f3\ud835\udc27 \ud835\udc2d\ud835\udc2e\ud835\udc2b\u00ed\ud835\udc2c\ud835\udc2d\ud835\udc22\ud835\udc1c\ud835\udc1a, activaciones familiares y la promoci\u00f3n del malec\u00f3n como escenario cultural del Carnaval de Campeche. [&hellip;]<\/p>\n","protected":false},"author":4,"featured_media":2754,"comment_status":"open","ping_status":"open","sticky":false,"template":"","format":"standard","meta":{"_acf_changed":false,"_et_pb_use_builder":"off","_et_pb_old_content":"","_et_gb_content_width":"","inline_featured_image":false,"footnotes":""},"categories":[37],"tags":[],"acf":[],"_links":{"self":[{"href":"https:\/\/turismo.campeche.gob.mx\/index.php?rest_route=\/wp\/v2\/posts\/2753"}],"collection":[{"href":"https:\/\/turismo.campeche.gob.mx\/index.php?rest_route=\/wp\/v2\/posts"}],"about":[{"href":"https:\/\/turismo.campeche.gob.mx\/index.php?rest_route=\/wp\/v2\/types\/post"}],"author":[{"embeddable":true,"href":"https:\/\/turismo.campeche.gob.mx\/index.php?rest_route=\/wp\/v2\/users\/4"}],"replies":[{"embeddable":true,"href":"https:\/\/turismo.campeche.gob.mx\/index.php?rest_route=%2Fwp%2Fv2%2Fcomments&post=2753"}],"version-history":[{"count":1,"href":"https:\/\/turismo.campeche.gob.mx\/index.php?rest_route=\/wp\/v2\/posts\/2753\/revisions"}],"predecessor-version":[{"id":2756,"href":"https:\/\/turismo.campeche.gob.mx\/index.php?rest_route=\/wp\/v2\/posts\/2753\/revisions\/2756"}],"wp:featuredmedia":[{"embeddable":true,"href":"https:\/\/turismo.campeche.gob.mx\/index.php?rest_route=\/wp\/v2\/media\/2754"}],"wp:attachment":[{"href":"https:\/\/turismo.campeche.gob.mx\/index.php?rest_route=%2Fwp%2Fv2%2Fmedia&parent=2753"}],"wp:term":[{"taxonomy":"category","embeddable":true,"href":"https:\/\/turismo.campeche.gob.mx\/index.php?rest_route=%2Fwp%2Fv2%2Fcategories&post=2753"},{"taxonomy":"post_tag","embeddable":true,"href":"https:\/\/turismo.campeche.gob.mx\/index.php?rest_route=%2Fwp%2Fv2%2Ftags&post=2753"}],"curies":[{"name":"wp","href":"https:\/\/api.w.org\/{rel}","templated":true}]}}