{"id":2745,"date":"2026-02-05T09:26:59","date_gmt":"2026-02-05T15:26:59","guid":{"rendered":"https:\/\/turismo.campeche.gob.mx\/?p=2745"},"modified":"2026-04-15T10:44:53","modified_gmt":"2026-04-15T16:44:53","slug":"2745","status":"publish","type":"post","link":"https:\/\/turismo.campeche.gob.mx\/?p=2745","title":{"rendered":"Impulsan alianza estrat\u00e9gica para fortalecer la capacitaci\u00f3n y el desarrollo tur\u00edstico en Campeche"},"content":{"rendered":"\n<p>La Secretar\u00eda de Turismo del Estado de Campeche, encabezada por su titular Adda Sol\u00eds Peniche, particip\u00f3 en la firma del \ud835\udc02\ud835\udc28\ud835\udc27\ud835\udc2f\ud835\udc1e\ud835\udc27\ud835\udc22\ud835\udc28 \ud835\udc06\ud835\udc1e\ud835\udc27\ud835\udc1e\ud835\udc2b\ud835\udc1a\ud835\udc25 \ud835\udc1d\ud835\udc1e \ud835\udc02\ud835\udc28\ud835\udc25\ud835\udc1a\ud835\udc1b\ud835\udc28\ud835\udc2b\ud835\udc1a\ud835\udc1c\ud835\udc22\u00f3\ud835\udc27 \ud835\udc08\ud835\udc27\ud835\udc2d\ud835\udc1e\ud835\udc2b\ud835\udc22\ud835\udc27\ud835\udc2c\ud835\udc2d\ud835\udc22\ud835\udc2d\ud835\udc2e\ud835\udc1c\ud835\udc22\ud835\udc28\ud835\udc27\ud835\udc1a\ud835\udc25 con el Tribunal Electoral del Estado de Campeche, acto en el que estuvo presente el magistrado presidente del TEEC, Francisco Javier Ac Ordo\u00f1ez.<\/p>\n\n\n\n<p>Este acuerdo permitir\u00e1 \ud835\udc22\ud835\udc26\ud835\udc29\ud835\udc2e\ud835\udc25\ud835\udc2c\ud835\udc1a\ud835\udc2b \ud835\udc29\ud835\udc2b\ud835\udc28\ud835\udc20\ud835\udc2b\ud835\udc1a\ud835\udc26\ud835\udc1a\ud835\udc2c de estudio, capacitaci\u00f3n y actividades acad\u00e9micas como cursos, talleres, diplomados y conferencias en materias electoral y tur\u00edstica.<\/p>\n\n\n\n<p>De esta forma, la Secretar\u00eda de Turismo reafirma el compromiso de \ud835\udc1f\ud835\udc28\ud835\udc2b\ud835\udc2d\ud835\udc1a\ud835\udc25\ud835\udc1e\ud835\udc1c\ud835\udc1e\ud835\udc2b la profesionalizaci\u00f3n, la capacitaci\u00f3n y la vinculaci\u00f3n institucional en beneficio del desarrollo tur\u00edstico de Campeche.<\/p>\n\n\n\n<figure class=\"wp-block-image size-large\"><img loading=\"lazy\" decoding=\"async\" width=\"1024\" height=\"683\" src=\"https:\/\/turismo.campeche.gob.mx\/wp-content\/uploads\/628330223_1209137038037517_6289806819312933115_n-1024x683.jpg\" alt=\"\" class=\"wp-image-2746\" srcset=\"https:\/\/turismo.campeche.gob.mx\/wp-content\/uploads\/628330223_1209137038037517_6289806819312933115_n-980x653.jpg 980w, https:\/\/turismo.campeche.gob.mx\/wp-content\/uploads\/628330223_1209137038037517_6289806819312933115_n-480x320.jpg 480w\" sizes=\"(min-width: 0px) and (max-width: 480px) 480px, (min-width: 481px) and (max-width: 980px) 980px, (min-width: 981px) 1024px, 100vw\" \/><\/figure>\n","protected":false},"excerpt":{"rendered":"<p>La Secretar\u00eda de Turismo del Estado de Campeche, encabezada por su titular Adda Sol\u00eds Peniche, particip\u00f3 en la firma del \ud835\udc02\ud835\udc28\ud835\udc27\ud835\udc2f\ud835\udc1e\ud835\udc27\ud835\udc22\ud835\udc28 \ud835\udc06\ud835\udc1e\ud835\udc27\ud835\udc1e\ud835\udc2b\ud835\udc1a\ud835\udc25 \ud835\udc1d\ud835\udc1e \ud835\udc02\ud835\udc28\ud835\udc25\ud835\udc1a\ud835\udc1b\ud835\udc28\ud835\udc2b\ud835\udc1a\ud835\udc1c\ud835\udc22\u00f3\ud835\udc27 \ud835\udc08\ud835\udc27\ud835\udc2d\ud835\udc1e\ud835\udc2b\ud835\udc22\ud835\udc27\ud835\udc2c\ud835\udc2d\ud835\udc22\ud835\udc2d\ud835\udc2e\ud835\udc1c\ud835\udc22\ud835\udc28\ud835\udc27\ud835\udc1a\ud835\udc25 con el Tribunal Electoral del Estado de Campeche, acto en el que estuvo presente el magistrado presidente del TEEC, Francisco Javier Ac Ordo\u00f1ez. Este acuerdo permitir\u00e1 \ud835\udc22\ud835\udc26\ud835\udc29\ud835\udc2e\ud835\udc25\ud835\udc2c\ud835\udc1a\ud835\udc2b \ud835\udc29\ud835\udc2b\ud835\udc28\ud835\udc20\ud835\udc2b\ud835\udc1a\ud835\udc26\ud835\udc1a\ud835\udc2c de estudio, [&hellip;]<\/p>\n","protected":false},"author":4,"featured_media":2747,"comment_status":"open","ping_status":"open","sticky":false,"template":"","format":"standard","meta":{"_acf_changed":false,"_et_pb_use_builder":"off","_et_pb_old_content":"","_et_gb_content_width":"","inline_featured_image":false,"footnotes":""},"categories":[37],"tags":[],"acf":[],"_links":{"self":[{"href":"https:\/\/turismo.campeche.gob.mx\/index.php?rest_route=\/wp\/v2\/posts\/2745"}],"collection":[{"href":"https:\/\/turismo.campeche.gob.mx\/index.php?rest_route=\/wp\/v2\/posts"}],"about":[{"href":"https:\/\/turismo.campeche.gob.mx\/index.php?rest_route=\/wp\/v2\/types\/post"}],"author":[{"embeddable":true,"href":"https:\/\/turismo.campeche.gob.mx\/index.php?rest_route=\/wp\/v2\/users\/4"}],"replies":[{"embeddable":true,"href":"https:\/\/turismo.campeche.gob.mx\/index.php?rest_route=%2Fwp%2Fv2%2Fcomments&post=2745"}],"version-history":[{"count":3,"href":"https:\/\/turismo.campeche.gob.mx\/index.php?rest_route=\/wp\/v2\/posts\/2745\/revisions"}],"predecessor-version":[{"id":3040,"href":"https:\/\/turismo.campeche.gob.mx\/index.php?rest_route=\/wp\/v2\/posts\/2745\/revisions\/3040"}],"wp:featuredmedia":[{"embeddable":true,"href":"https:\/\/turismo.campeche.gob.mx\/index.php?rest_route=\/wp\/v2\/media\/2747"}],"wp:attachment":[{"href":"https:\/\/turismo.campeche.gob.mx\/index.php?rest_route=%2Fwp%2Fv2%2Fmedia&parent=2745"}],"wp:term":[{"taxonomy":"category","embeddable":true,"href":"https:\/\/turismo.campeche.gob.mx\/index.php?rest_route=%2Fwp%2Fv2%2Fcategories&post=2745"},{"taxonomy":"post_tag","embeddable":true,"href":"https:\/\/turismo.campeche.gob.mx\/index.php?rest_route=%2Fwp%2Fv2%2Ftags&post=2745"}],"curies":[{"name":"wp","href":"https:\/\/api.w.org\/{rel}","templated":true}]}}