{"id":2736,"date":"2026-02-04T09:19:39","date_gmt":"2026-02-04T15:19:39","guid":{"rendered":"https:\/\/turismo.campeche.gob.mx\/?p=2736"},"modified":"2026-02-12T09:21:26","modified_gmt":"2026-02-12T15:21:26","slug":"%f0%9d%90%82%f0%9d%90%9a%f0%9d%90%a6%f0%9d%90%a9%f0%9d%90%9e%f0%9d%90%9c%f0%9d%90%a1%f0%9d%90%9e-%f0%9d%90%ac%f0%9d%90%9e-%f0%9d%90%ac%f0%9d%90%ae%f0%9d%90%a6%f0%9d%90%9a-%f0%9d%90%9a%f0%9d%90%a5","status":"publish","type":"post","link":"https:\/\/turismo.campeche.gob.mx\/?p=2736","title":{"rendered":"\ud835\udc02\ud835\udc1a\ud835\udc26\ud835\udc29\ud835\udc1e\ud835\udc1c\ud835\udc21\ud835\udc1e \ud835\udc2c\ud835\udc1e \ud835\udc2c\ud835\udc2e\ud835\udc26\ud835\udc1a \ud835\udc1a\ud835\udc25 \ud835\udc11\ud835\udc1a\ud835\udc25\ud835\udc25\ud835\udc32 \ud835\udc0c\ud835\udc1a\ud835\udc32\ud835\udc1a \ud835\udc0c\u00e9\ud835\udc31\ud835\udc22\ud835\udc1c\ud835\udc28 \ud835\udfd0\ud835\udfce\ud835\udfd0\ud835\udfd4"},"content":{"rendered":"\n<p>La Secretar\u00eda de Turismo celebra la presentaci\u00f3n oficial del Rally Maya M\u00e9xico 2026, uno de los eventos de automovilismo cl\u00e1sico m\u00e1s importantes del pa\u00eds, que posiciona al sureste mexicano como una regi\u00f3n clave para el \ud835\udc2d\ud835\udc2e\ud835\udc2b\ud835\udc22\ud835\udc2c\ud835\udc26\ud835\udc28 \ud835\udc1d\ud835\udc1e \ud835\udc1a\ud835\udc25\ud835\udc2d\ud835\udc28 \ud835\udc2f\ud835\udc1a\ud835\udc25\ud835\udc28\ud835\udc2b.<\/p>\n\n\n\n<p>Este rally destaca por su modelo \u00fanico que integra patrimonio natural, riqueza cultural maya, gastronom\u00eda regional y responsabilidad social, generando una importante \ud835\udc29\ud835\udc2b\ud835\udc28\ud835\udc32\ud835\udc1e\ud835\udc1c\ud835\udc1c\ud835\udc22\u00f3\ud835\udc27 \ud835\udc2d\ud835\udc2e\ud835\udc2b\u00ed\ud835\udc2c\ud835\udc2d\ud835\udc22\ud835\udc1c\ud835\udc1a y medi\u00e1tica a nivel nacional e internacional.<\/p>\n\n\n\n<p>Campeche ser\u00e1 sede de la conferencia de prensa oficial del Rally Maya M\u00e9xico el pr\u00f3ximo 11 de febrero, donde se dar\u00e1n a conocer los detalles de su 12\u00aa edici\u00f3n, la cual se realizar\u00e1 del 27 de febrero al 7 de marzo de 2026, \ud835\udc1c\ud835\udc28\ud835\udc27\ud835\udc2c\ud835\udc28\ud835\udc25\ud835\udc22\ud835\udc1d\ud835\udc1a\ud835\udc27\ud835\udc1d\ud835\udc28 a nuestro estado como un punto estrat\u00e9gico dentro de esta emblem\u00e1tica ruta.<\/p>\n\n\n\n<figure class=\"wp-block-image size-large\"><img loading=\"lazy\" decoding=\"async\" width=\"1024\" height=\"768\" src=\"https:\/\/turismo.campeche.gob.mx\/wp-content\/uploads\/628183269_1208222591462295_1863361662998293782_n-1024x768.jpg\" alt=\"\" class=\"wp-image-2737\" srcset=\"https:\/\/turismo.campeche.gob.mx\/wp-content\/uploads\/628183269_1208222591462295_1863361662998293782_n-980x735.jpg 980w, https:\/\/turismo.campeche.gob.mx\/wp-content\/uploads\/628183269_1208222591462295_1863361662998293782_n-480x360.jpg 480w\" sizes=\"(min-width: 0px) and (max-width: 480px) 480px, (min-width: 481px) and (max-width: 980px) 980px, (min-width: 981px) 1024px, 100vw\" \/><\/figure>\n","protected":false},"excerpt":{"rendered":"<p>La Secretar\u00eda de Turismo celebra la presentaci\u00f3n oficial del Rally Maya M\u00e9xico 2026, uno de los eventos de automovilismo cl\u00e1sico m\u00e1s importantes del pa\u00eds, que posiciona al sureste mexicano como una regi\u00f3n clave para el \ud835\udc2d\ud835\udc2e\ud835\udc2b\ud835\udc22\ud835\udc2c\ud835\udc26\ud835\udc28 \ud835\udc1d\ud835\udc1e \ud835\udc1a\ud835\udc25\ud835\udc2d\ud835\udc28 \ud835\udc2f\ud835\udc1a\ud835\udc25\ud835\udc28\ud835\udc2b. Este rally destaca por su modelo \u00fanico que integra patrimonio natural, riqueza cultural maya, gastronom\u00eda regional [&hellip;]<\/p>\n","protected":false},"author":4,"featured_media":2738,"comment_status":"open","ping_status":"open","sticky":false,"template":"","format":"standard","meta":{"_acf_changed":false,"_et_pb_use_builder":"off","_et_pb_old_content":"","_et_gb_content_width":"","inline_featured_image":false,"footnotes":""},"categories":[37],"tags":[],"acf":[],"_links":{"self":[{"href":"https:\/\/turismo.campeche.gob.mx\/index.php?rest_route=\/wp\/v2\/posts\/2736"}],"collection":[{"href":"https:\/\/turismo.campeche.gob.mx\/index.php?rest_route=\/wp\/v2\/posts"}],"about":[{"href":"https:\/\/turismo.campeche.gob.mx\/index.php?rest_route=\/wp\/v2\/types\/post"}],"author":[{"embeddable":true,"href":"https:\/\/turismo.campeche.gob.mx\/index.php?rest_route=\/wp\/v2\/users\/4"}],"replies":[{"embeddable":true,"href":"https:\/\/turismo.campeche.gob.mx\/index.php?rest_route=%2Fwp%2Fv2%2Fcomments&post=2736"}],"version-history":[{"count":1,"href":"https:\/\/turismo.campeche.gob.mx\/index.php?rest_route=\/wp\/v2\/posts\/2736\/revisions"}],"predecessor-version":[{"id":2739,"href":"https:\/\/turismo.campeche.gob.mx\/index.php?rest_route=\/wp\/v2\/posts\/2736\/revisions\/2739"}],"wp:featuredmedia":[{"embeddable":true,"href":"https:\/\/turismo.campeche.gob.mx\/index.php?rest_route=\/wp\/v2\/media\/2738"}],"wp:attachment":[{"href":"https:\/\/turismo.campeche.gob.mx\/index.php?rest_route=%2Fwp%2Fv2%2Fmedia&parent=2736"}],"wp:term":[{"taxonomy":"category","embeddable":true,"href":"https:\/\/turismo.campeche.gob.mx\/index.php?rest_route=%2Fwp%2Fv2%2Fcategories&post=2736"},{"taxonomy":"post_tag","embeddable":true,"href":"https:\/\/turismo.campeche.gob.mx\/index.php?rest_route=%2Fwp%2Fv2%2Ftags&post=2736"}],"curies":[{"name":"wp","href":"https:\/\/api.w.org\/{rel}","templated":true}]}}