{"id":2731,"date":"2026-02-04T09:18:31","date_gmt":"2026-02-04T15:18:31","guid":{"rendered":"https:\/\/turismo.campeche.gob.mx\/?p=2731"},"modified":"2026-02-12T09:19:26","modified_gmt":"2026-02-12T15:19:26","slug":"festival-del-tamal-2026-impulsa-la-gastronomia-y-el-desarrollo-local-en-ciudad-del-carmen","status":"publish","type":"post","link":"https:\/\/turismo.campeche.gob.mx\/?p=2731","title":{"rendered":"Festival del Tamal 2026 impulsa la gastronom\u00eda y el desarrollo local en Ciudad del Carmen"},"content":{"rendered":"\n<p>Ciudad del Carmen fue sede del \ud835\udc05\ud835\udc1e\ud835\udc2c\ud835\udc2d\ud835\udc22\ud835\udc2f\ud835\udc1a\ud835\udc25 \ud835\udc1d\ud835\udc1e\ud835\udc25 \ud835\udc13\ud835\udc1a\ud835\udc26\ud835\udc1a\ud835\udc25 \ud835\udfd0\ud835\udfce\ud835\udfd0\ud835\udfd4, celebrado el pasado 1 de febrero, un evento que destac\u00f3 la riqueza de la gastronom\u00eda tradicional y reuni\u00f3 a diversos negocios dedicados a la preparaci\u00f3n de este emblem\u00e1tico platillo en sus distintas modalidades.<\/p>\n\n\n\n<p>La actividad fue organizada por la C\u00e1mara Nacional de la Industria Restaurantera y de Alimentos Condimentados (CANIRAC) Ciudad del Carmen.<\/p>\n\n\n\n<p>En representaci\u00f3n de la secretaria de Turismo, Adda Sol\u00eds Peniche, el director general Luis Homer P\u00e9rez V\u00e1zquez asisti\u00f3 a este festival, reafirmando el respaldo institucional a las iniciativas que \ud835\udc29\ud835\udc2b\ud835\udc28\ud835\udc26\ud835\udc2e\ud835\udc1e\ud835\udc2f\ud835\udc1e\ud835\udc27 la identidad culinaria y el desarrollo del sector restaurantero local.<\/p>\n\n\n\n<p><\/p>\n\n\n\n<figure class=\"wp-block-image size-large\"><img loading=\"lazy\" decoding=\"async\" width=\"1024\" height=\"768\" src=\"https:\/\/turismo.campeche.gob.mx\/wp-content\/uploads\/628160406_1208195878131633_4130618417787858697_n-1-1024x768.jpg\" alt=\"\" class=\"wp-image-2734\" srcset=\"https:\/\/turismo.campeche.gob.mx\/wp-content\/uploads\/628160406_1208195878131633_4130618417787858697_n-1-980x735.jpg 980w, https:\/\/turismo.campeche.gob.mx\/wp-content\/uploads\/628160406_1208195878131633_4130618417787858697_n-1-480x360.jpg 480w\" sizes=\"(min-width: 0px) and (max-width: 480px) 480px, (min-width: 481px) and (max-width: 980px) 980px, (min-width: 981px) 1024px, 100vw\" \/><\/figure>\n","protected":false},"excerpt":{"rendered":"<p>Ciudad del Carmen fue sede del \ud835\udc05\ud835\udc1e\ud835\udc2c\ud835\udc2d\ud835\udc22\ud835\udc2f\ud835\udc1a\ud835\udc25 \ud835\udc1d\ud835\udc1e\ud835\udc25 \ud835\udc13\ud835\udc1a\ud835\udc26\ud835\udc1a\ud835\udc25 \ud835\udfd0\ud835\udfce\ud835\udfd0\ud835\udfd4, celebrado el pasado 1 de febrero, un evento que destac\u00f3 la riqueza de la gastronom\u00eda tradicional y reuni\u00f3 a diversos negocios dedicados a la preparaci\u00f3n de este emblem\u00e1tico platillo en sus distintas modalidades. La actividad fue organizada por la C\u00e1mara Nacional de la Industria Restaurantera [&hellip;]<\/p>\n","protected":false},"author":4,"featured_media":2732,"comment_status":"open","ping_status":"open","sticky":false,"template":"","format":"standard","meta":{"_acf_changed":false,"_et_pb_use_builder":"off","_et_pb_old_content":"","_et_gb_content_width":"","inline_featured_image":false,"footnotes":""},"categories":[37],"tags":[],"acf":[],"_links":{"self":[{"href":"https:\/\/turismo.campeche.gob.mx\/index.php?rest_route=\/wp\/v2\/posts\/2731"}],"collection":[{"href":"https:\/\/turismo.campeche.gob.mx\/index.php?rest_route=\/wp\/v2\/posts"}],"about":[{"href":"https:\/\/turismo.campeche.gob.mx\/index.php?rest_route=\/wp\/v2\/types\/post"}],"author":[{"embeddable":true,"href":"https:\/\/turismo.campeche.gob.mx\/index.php?rest_route=\/wp\/v2\/users\/4"}],"replies":[{"embeddable":true,"href":"https:\/\/turismo.campeche.gob.mx\/index.php?rest_route=%2Fwp%2Fv2%2Fcomments&post=2731"}],"version-history":[{"count":1,"href":"https:\/\/turismo.campeche.gob.mx\/index.php?rest_route=\/wp\/v2\/posts\/2731\/revisions"}],"predecessor-version":[{"id":2735,"href":"https:\/\/turismo.campeche.gob.mx\/index.php?rest_route=\/wp\/v2\/posts\/2731\/revisions\/2735"}],"wp:featuredmedia":[{"embeddable":true,"href":"https:\/\/turismo.campeche.gob.mx\/index.php?rest_route=\/wp\/v2\/media\/2732"}],"wp:attachment":[{"href":"https:\/\/turismo.campeche.gob.mx\/index.php?rest_route=%2Fwp%2Fv2%2Fmedia&parent=2731"}],"wp:term":[{"taxonomy":"category","embeddable":true,"href":"https:\/\/turismo.campeche.gob.mx\/index.php?rest_route=%2Fwp%2Fv2%2Fcategories&post=2731"},{"taxonomy":"post_tag","embeddable":true,"href":"https:\/\/turismo.campeche.gob.mx\/index.php?rest_route=%2Fwp%2Fv2%2Ftags&post=2731"}],"curies":[{"name":"wp","href":"https:\/\/api.w.org\/{rel}","templated":true}]}}