{"id":2688,"date":"2026-01-26T09:20:31","date_gmt":"2026-01-26T15:20:31","guid":{"rendered":"https:\/\/turismo.campeche.gob.mx\/?p=2688"},"modified":"2026-02-03T09:25:57","modified_gmt":"2026-02-03T15:25:57","slug":"campeche-y-espana-unidos-por-el-turismo","status":"publish","type":"post","link":"https:\/\/turismo.campeche.gob.mx\/?p=2688","title":{"rendered":"\u00a1Campeche y Espa\u00f1a, unidos por el turismo!"},"content":{"rendered":"\n<p>En el marco de <a href=\"https:\/\/www.facebook.com\/FITURMadrid?__cft__[0]=AZYE7rrWO_bM1M96dIBEWyMoeo_zoj-FhAPSzc-XHbTb9NpoyKm4x3YoU0RGxJ4EZxpqS1VzbYNPr5CRGbROf1yrO3f_ynNmm_vkdP6tTZJnW-_Mc5_29t1dYBxvgyu0wcn5ixwOw8Jr7uQK6MpnL4Nxygmem7CZrmJ1DIZSJk9D-n6p52L1dlxfJsFP7m21lSwVw_0EqHOnhn1RpSa-d556&amp;__tn__=-]K-R\">FITUR<\/a>, sostuvimos una reuni\u00f3n de trabajo con el embajador de M\u00e9xico en Espa\u00f1a, <a href=\"https:\/\/www.facebook.com\/quirinoordazcoppel?__cft__[0]=AZYE7rrWO_bM1M96dIBEWyMoeo_zoj-FhAPSzc-XHbTb9NpoyKm4x3YoU0RGxJ4EZxpqS1VzbYNPr5CRGbROf1yrO3f_ynNmm_vkdP6tTZJnW-_Mc5_29t1dYBxvgyu0wcn5ixwOw8Jr7uQK6MpnL4Nxygmem7CZrmJ1DIZSJk9D-n6p52L1dlxfJsFP7m21lSwVw_0EqHOnhn1RpSa-d556&amp;__tn__=-]K-R\">Quirino Ordaz<\/a>, para \ud835\uddf3\ud835\uddfc\ud835\uddff\ud835\ude01\ud835\uddee\ud835\uddf9\ud835\uddf2\ud835\uddf0\ud835\uddf2\ud835\uddff \ud835\uddf9\ud835\uddfc\ud835\ude00 \ud835\uddf9\ud835\uddee\ud835\ude07\ud835\uddfc\ud835\ude00 \ud835\ude01\ud835\ude02\ud835\uddff\ud835\udeca\u0301\ud835\ude00\ud835\ude01\ud835\uddf6\ud835\uddf0\ud835\uddfc\ud835\ude00 \ud835\uddf2\ud835\uddfb\ud835\ude01\ud835\uddff\ud835\uddf2 \ud835\uddee\ud835\uddfa\ud835\uddef\ud835\uddfc\ud835\ude00 \ud835\uddfd\ud835\uddee\ud835\udeca\u0301\ud835\ude00\ud835\uddf2\ud835\ude00 \ud835\ude06 \ud835\uddee\ud835\uddef\ud835\uddff\ud835\uddf6\ud835\uddff \ud835\uddfb\ud835\ude02\ud835\uddf2\ud835\ude03\ud835\uddee\ud835\ude00 \ud835\uddfc\ud835\uddfd\ud835\uddfc\ud835\uddff\ud835\ude01\ud835\ude02\ud835\uddfb\ud835\uddf6\ud835\uddf1\ud835\uddee\ud835\uddf1\ud835\uddf2\ud835\ude00 para que m\u00e1s viajeras y viajeros espa\u00f1oles pongan la mirada en <a href=\"https:\/\/www.facebook.com\/hashtag\/campeche?__eep__=6&amp;__cft__[0]=AZYE7rrWO_bM1M96dIBEWyMoeo_zoj-FhAPSzc-XHbTb9NpoyKm4x3YoU0RGxJ4EZxpqS1VzbYNPr5CRGbROf1yrO3f_ynNmm_vkdP6tTZJnW-_Mc5_29t1dYBxvgyu0wcn5ixwOw8Jr7uQK6MpnL4Nxygmem7CZrmJ1DIZSJk9D-n6p52L1dlxfJsFP7m21lSwVw_0EqHOnhn1RpSa-d556&amp;__tn__=*NK-R\">#Campeche<\/a>.<\/p>\n\n\n\n<p>Este tipo de acercamientos son clave para la econom\u00eda del estado: \ud835\uddfa\ud835\uddee\u0301\ud835\ude00 \ud835\ude01\ud835\ude02\ud835\uddff\ud835\uddf6\ud835\ude00\ud835\uddfa\ud835\uddfc \ud835\ude00\ud835\uddf6\ud835\uddf4\ud835\uddfb\ud835\uddf6\ud835\uddf3\ud835\uddf6\ud835\uddf0\ud835\uddee \ud835\uddfa\ud835\uddee\u0301\ud835\ude00 \ud835\uddfa\ud835\uddfc\ud835\ude03\ud835\uddf6\ud835\uddfa\ud835\uddf6\ud835\uddf2\ud835\uddfb\ud835\ude01\ud835\uddfc \ud835\uddfd\ud835\uddee\ud835\uddff\ud835\uddee \ud835\uddfb\ud835\ude02\ud835\uddf2\ud835\ude00\ud835\ude01\ud835\uddff\ud835\uddfc\ud835\ude00 \ud835\uddf5\ud835\uddfc\ud835\ude01\ud835\uddf2\ud835\uddf9\ud835\uddf2\ud835\ude00, \ud835\uddff\ud835\uddf2\ud835\ude00\ud835\ude01\ud835\uddee\ud835\ude02\ud835\uddff\ud835\uddee\ud835\uddfb\ud835\ude01\ud835\uddf2\ud835\ude00, \ud835\uddfd\ud835\uddff\ud835\uddf2\ud835\ude00\ud835\ude01\ud835\uddee\ud835\uddf1\ud835\uddfc\ud835\uddff\ud835\uddf2\ud835\ude00 \ud835\uddf1\ud835\uddf2 \ud835\ude00\ud835\uddf2\ud835\uddff\ud835\ude03\ud835\uddf6\ud835\uddf0\ud835\uddf6\ud835\uddfc\ud835\ude00 \ud835\ude06 \ud835\uddf0\ud835\uddfc\ud835\uddfa\ud835\uddf2\ud835\uddff\ud835\uddf0\ud835\uddf6\ud835\uddfc\ud835\ude00 \ud835\uddf9\ud835\uddfc\ud835\uddf0\ud835\uddee\ud835\uddf9\ud835\uddf2\ud835\ude00.<\/p>\n\n\n\n<p><img loading=\"lazy\" decoding=\"async\" height=\"16\" width=\"16\" alt=\"\ud83e\udef1\ud83c\udffb\u200d\ud83e\udef2\ud83c\udffd\" src=\"https:\/\/static.xx.fbcdn.net\/images\/emoji.php\/v9\/tbe\/1\/16\/1faf1_1f3fb_200d_1faf2_1f3fd.png\"> Seguiremos trabajando de la mano con la Embajada para que los Secretos de M\u00e9xico que guarda Campeche se traduzcan en visitantes, en inversi\u00f3n y en bienestar para nuestra gente.<\/p>\n","protected":false},"excerpt":{"rendered":"<p>En el marco de FITUR, sostuvimos una reuni\u00f3n de trabajo con el embajador de M\u00e9xico en Espa\u00f1a, Quirino Ordaz, para \ud835\uddf3\ud835\uddfc\ud835\uddff\ud835\ude01\ud835\uddee\ud835\uddf9\ud835\uddf2\ud835\uddf0\ud835\uddf2\ud835\uddff \ud835\uddf9\ud835\uddfc\ud835\ude00 \ud835\uddf9\ud835\uddee\ud835\ude07\ud835\uddfc\ud835\ude00 \ud835\ude01\ud835\ude02\ud835\uddff\ud835\udeca\u0301\ud835\ude00\ud835\ude01\ud835\uddf6\ud835\uddf0\ud835\uddfc\ud835\ude00 \ud835\uddf2\ud835\uddfb\ud835\ude01\ud835\uddff\ud835\uddf2 \ud835\uddee\ud835\uddfa\ud835\uddef\ud835\uddfc\ud835\ude00 \ud835\uddfd\ud835\uddee\ud835\udeca\u0301\ud835\ude00\ud835\uddf2\ud835\ude00 \ud835\ude06 \ud835\uddee\ud835\uddef\ud835\uddff\ud835\uddf6\ud835\uddff \ud835\uddfb\ud835\ude02\ud835\uddf2\ud835\ude03\ud835\uddee\ud835\ude00 \ud835\uddfc\ud835\uddfd\ud835\uddfc\ud835\uddff\ud835\ude01\ud835\ude02\ud835\uddfb\ud835\uddf6\ud835\uddf1\ud835\uddee\ud835\uddf1\ud835\uddf2\ud835\ude00 para que m\u00e1s viajeras y viajeros espa\u00f1oles pongan la mirada en #Campeche. Este tipo de acercamientos son clave para la econom\u00eda del estado: \ud835\uddfa\ud835\uddee\u0301\ud835\ude00 [&hellip;]<\/p>\n","protected":false},"author":4,"featured_media":2689,"comment_status":"open","ping_status":"open","sticky":false,"template":"","format":"standard","meta":{"_acf_changed":false,"_et_pb_use_builder":"off","_et_pb_old_content":"","_et_gb_content_width":"","inline_featured_image":false,"footnotes":""},"categories":[37],"tags":[],"acf":[],"_links":{"self":[{"href":"https:\/\/turismo.campeche.gob.mx\/index.php?rest_route=\/wp\/v2\/posts\/2688"}],"collection":[{"href":"https:\/\/turismo.campeche.gob.mx\/index.php?rest_route=\/wp\/v2\/posts"}],"about":[{"href":"https:\/\/turismo.campeche.gob.mx\/index.php?rest_route=\/wp\/v2\/types\/post"}],"author":[{"embeddable":true,"href":"https:\/\/turismo.campeche.gob.mx\/index.php?rest_route=\/wp\/v2\/users\/4"}],"replies":[{"embeddable":true,"href":"https:\/\/turismo.campeche.gob.mx\/index.php?rest_route=%2Fwp%2Fv2%2Fcomments&post=2688"}],"version-history":[{"count":1,"href":"https:\/\/turismo.campeche.gob.mx\/index.php?rest_route=\/wp\/v2\/posts\/2688\/revisions"}],"predecessor-version":[{"id":2690,"href":"https:\/\/turismo.campeche.gob.mx\/index.php?rest_route=\/wp\/v2\/posts\/2688\/revisions\/2690"}],"wp:featuredmedia":[{"embeddable":true,"href":"https:\/\/turismo.campeche.gob.mx\/index.php?rest_route=\/wp\/v2\/media\/2689"}],"wp:attachment":[{"href":"https:\/\/turismo.campeche.gob.mx\/index.php?rest_route=%2Fwp%2Fv2%2Fmedia&parent=2688"}],"wp:term":[{"taxonomy":"category","embeddable":true,"href":"https:\/\/turismo.campeche.gob.mx\/index.php?rest_route=%2Fwp%2Fv2%2Fcategories&post=2688"},{"taxonomy":"post_tag","embeddable":true,"href":"https:\/\/turismo.campeche.gob.mx\/index.php?rest_route=%2Fwp%2Fv2%2Ftags&post=2688"}],"curies":[{"name":"wp","href":"https:\/\/api.w.org\/{rel}","templated":true}]}}