{"id":2682,"date":"2026-01-24T08:40:43","date_gmt":"2026-01-24T14:40:43","guid":{"rendered":"https:\/\/turismo.campeche.gob.mx\/?p=2682"},"modified":"2026-01-27T08:48:17","modified_gmt":"2026-01-27T14:48:17","slug":"la-grandeza-de-campeche-cruza-fronteras-en-fitur","status":"publish","type":"post","link":"https:\/\/turismo.campeche.gob.mx\/?p=2682","title":{"rendered":"La grandeza de Campeche cruza fronteras en FITUR"},"content":{"rendered":"\n<p>La Delegaci\u00f3n Campechana llev\u00f3 la grandeza de nuestro estado hasta FITUR, en Madrid, Espa\u00f1a, con la presentaci\u00f3n de Campeche como destino tur\u00edstico ante representantes de diversos destinos, agencias de viajes, tour operadores y profesionales del sector.<\/p>\n\n\n\n<p>Este encuentro tuvo como objetivo fortalecer la promoci\u00f3n tur\u00edstica del estado, as\u00ed como generar nuevas alianzas estrat\u00e9gicas que impulsen el posicionamiento de Campeche a nivel internacional.<\/p>\n\n\n\n<figure class=\"wp-block-image size-large\"><img loading=\"lazy\" decoding=\"async\" width=\"1024\" height=\"768\" src=\"https:\/\/turismo.campeche.gob.mx\/wp-content\/uploads\/619538624_1199205419030679_3332757548144016154_n-1024x768.jpg\" alt=\"\" class=\"wp-image-2683\" srcset=\"https:\/\/turismo.campeche.gob.mx\/wp-content\/uploads\/619538624_1199205419030679_3332757548144016154_n-1024x768.jpg 1024w, https:\/\/turismo.campeche.gob.mx\/wp-content\/uploads\/619538624_1199205419030679_3332757548144016154_n-980x735.jpg 980w, https:\/\/turismo.campeche.gob.mx\/wp-content\/uploads\/619538624_1199205419030679_3332757548144016154_n-480x360.jpg 480w\" sizes=\"(min-width: 0px) and (max-width: 480px) 480px, (min-width: 481px) and (max-width: 980px) 980px, (min-width: 981px) 1024px, 100vw\" \/><\/figure>\n","protected":false},"excerpt":{"rendered":"<p>La Delegaci\u00f3n Campechana llev\u00f3 la grandeza de nuestro estado hasta FITUR, en Madrid, Espa\u00f1a, con la presentaci\u00f3n de Campeche como destino tur\u00edstico ante representantes de diversos destinos, agencias de viajes, tour operadores y profesionales del sector. Este encuentro tuvo como objetivo fortalecer la promoci\u00f3n tur\u00edstica del estado, as\u00ed como generar nuevas alianzas estrat\u00e9gicas que impulsen [&hellip;]<\/p>\n","protected":false},"author":4,"featured_media":2685,"comment_status":"open","ping_status":"open","sticky":false,"template":"","format":"standard","meta":{"_acf_changed":false,"_et_pb_use_builder":"off","_et_pb_old_content":"","_et_gb_content_width":"","inline_featured_image":false,"footnotes":""},"categories":[37],"tags":[],"acf":[],"_links":{"self":[{"href":"https:\/\/turismo.campeche.gob.mx\/index.php?rest_route=\/wp\/v2\/posts\/2682"}],"collection":[{"href":"https:\/\/turismo.campeche.gob.mx\/index.php?rest_route=\/wp\/v2\/posts"}],"about":[{"href":"https:\/\/turismo.campeche.gob.mx\/index.php?rest_route=\/wp\/v2\/types\/post"}],"author":[{"embeddable":true,"href":"https:\/\/turismo.campeche.gob.mx\/index.php?rest_route=\/wp\/v2\/users\/4"}],"replies":[{"embeddable":true,"href":"https:\/\/turismo.campeche.gob.mx\/index.php?rest_route=%2Fwp%2Fv2%2Fcomments&post=2682"}],"version-history":[{"count":1,"href":"https:\/\/turismo.campeche.gob.mx\/index.php?rest_route=\/wp\/v2\/posts\/2682\/revisions"}],"predecessor-version":[{"id":2684,"href":"https:\/\/turismo.campeche.gob.mx\/index.php?rest_route=\/wp\/v2\/posts\/2682\/revisions\/2684"}],"wp:featuredmedia":[{"embeddable":true,"href":"https:\/\/turismo.campeche.gob.mx\/index.php?rest_route=\/wp\/v2\/media\/2685"}],"wp:attachment":[{"href":"https:\/\/turismo.campeche.gob.mx\/index.php?rest_route=%2Fwp%2Fv2%2Fmedia&parent=2682"}],"wp:term":[{"taxonomy":"category","embeddable":true,"href":"https:\/\/turismo.campeche.gob.mx\/index.php?rest_route=%2Fwp%2Fv2%2Fcategories&post=2682"},{"taxonomy":"post_tag","embeddable":true,"href":"https:\/\/turismo.campeche.gob.mx\/index.php?rest_route=%2Fwp%2Fv2%2Ftags&post=2682"}],"curies":[{"name":"wp","href":"https:\/\/api.w.org\/{rel}","templated":true}]}}