{"id":2674,"date":"2026-01-22T08:33:58","date_gmt":"2026-01-22T14:33:58","guid":{"rendered":"https:\/\/turismo.campeche.gob.mx\/?p=2674"},"modified":"2026-01-27T08:36:39","modified_gmt":"2026-01-27T14:36:39","slug":"%f0%9d%90%82%f0%9d%90%9a%f0%9d%90%a6%f0%9d%90%a9%f0%9d%90%9e%f0%9d%90%9c%f0%9d%90%a1%f0%9d%90%9e-%f0%9d%90%a2%f0%9d%90%a6%f0%9d%90%a9%f0%9d%90%ae%f0%9d%90%a5%f0%9d%90%ac%f0%9d%90%9a-%f0%9d%90%9e-2","status":"publish","type":"post","link":"https:\/\/turismo.campeche.gob.mx\/?p=2674","title":{"rendered":"\ud835\udc02\ud835\udc1a\ud835\udc26\ud835\udc29\ud835\udc1e\ud835\udc1c\ud835\udc21\ud835\udc1e \ud835\udc22\ud835\udc26\ud835\udc29\ud835\udc2e\ud835\udc25\ud835\udc2c\ud835\udc1a \ud835\udc1e\ud835\udc25 \ud835\udc2d\ud835\udc2e\ud835\udc2b\ud835\udc22\ud835\udc2c\ud835\udc26\ud835\udc28 \ud835\udc1d\ud835\udc1e\ud835\udc29\ud835\udc28\ud835\udc2b\ud835\udc2d\ud835\udc22\ud835\udc2f\ud835\udc28"},"content":{"rendered":"\n<p>Los d\u00edas 23 y 24 de enero, se llevar\u00e1 a cabo el \ud835\udfcf\ud835\udfce\u00b0 \ud835\udc13\ud835\udc28\ud835\udc2b\ud835\udc27\ud835\udc1e\ud835\udc28 \ud835\udc00\ud835\udc2d\ud835\udc25\u00e9\ud835\udc2d\ud835\udc22\ud835\udc1c\ud835\udc28 \ud835\udc00\ud835\udc2d\ud835\udc21\ud835\udc25\ud835\udc28\ud835\udc2c \u201cHumberto S\u00e1nchez \u00c1lvarez\u201d en la Pista CEDAR, un evento que impulsa el talento deportivo y fortalece la convivencia entre atletas y familias.<\/p>\n\n\n\n<p>Con la participaci\u00f3n de m\u00e1s de \ud835\udfd3\ud835\udfce\ud835\udfce \ud835\udc1a\ud835\udc2d\ud835\udc25\ud835\udc1e\ud835\udc2d\ud835\udc1a\ud835\udc2c provenientes de distintos estados del pa\u00eds y Belice, este torneo se consolida como una plataforma regional que adem\u00e1s genera derrama econ\u00f3mica en la ciudad capital.<\/p>\n\n\n\n<p>Campeche contin\u00faa posicion\u00e1ndose como un destino ideal para la realizaci\u00f3n de eventos deportivos.<\/p>\n\n\n\n<figure class=\"wp-block-image size-large\"><img loading=\"lazy\" decoding=\"async\" width=\"1024\" height=\"683\" src=\"https:\/\/turismo.campeche.gob.mx\/wp-content\/uploads\/620011662_1197637685854119_8039654123795406717_n-1024x683.jpg\" alt=\"\" class=\"wp-image-2675\" srcset=\"https:\/\/turismo.campeche.gob.mx\/wp-content\/uploads\/620011662_1197637685854119_8039654123795406717_n-980x653.jpg 980w, https:\/\/turismo.campeche.gob.mx\/wp-content\/uploads\/620011662_1197637685854119_8039654123795406717_n-480x320.jpg 480w\" sizes=\"(min-width: 0px) and (max-width: 480px) 480px, (min-width: 481px) and (max-width: 980px) 980px, (min-width: 981px) 1024px, 100vw\" \/><\/figure>\n","protected":false},"excerpt":{"rendered":"<p>Los d\u00edas 23 y 24 de enero, se llevar\u00e1 a cabo el \ud835\udfcf\ud835\udfce\u00b0 \ud835\udc13\ud835\udc28\ud835\udc2b\ud835\udc27\ud835\udc1e\ud835\udc28 \ud835\udc00\ud835\udc2d\ud835\udc25\u00e9\ud835\udc2d\ud835\udc22\ud835\udc1c\ud835\udc28 \ud835\udc00\ud835\udc2d\ud835\udc21\ud835\udc25\ud835\udc28\ud835\udc2c \u201cHumberto S\u00e1nchez \u00c1lvarez\u201d en la Pista CEDAR, un evento que impulsa el talento deportivo y fortalece la convivencia entre atletas y familias. Con la participaci\u00f3n de m\u00e1s de \ud835\udfd3\ud835\udfce\ud835\udfce \ud835\udc1a\ud835\udc2d\ud835\udc25\ud835\udc1e\ud835\udc2d\ud835\udc1a\ud835\udc2c provenientes de distintos estados del pa\u00eds y Belice, este [&hellip;]<\/p>\n","protected":false},"author":4,"featured_media":2676,"comment_status":"open","ping_status":"open","sticky":false,"template":"","format":"standard","meta":{"_acf_changed":false,"_et_pb_use_builder":"off","_et_pb_old_content":"","_et_gb_content_width":"","inline_featured_image":false,"footnotes":""},"categories":[37],"tags":[],"acf":[],"_links":{"self":[{"href":"https:\/\/turismo.campeche.gob.mx\/index.php?rest_route=\/wp\/v2\/posts\/2674"}],"collection":[{"href":"https:\/\/turismo.campeche.gob.mx\/index.php?rest_route=\/wp\/v2\/posts"}],"about":[{"href":"https:\/\/turismo.campeche.gob.mx\/index.php?rest_route=\/wp\/v2\/types\/post"}],"author":[{"embeddable":true,"href":"https:\/\/turismo.campeche.gob.mx\/index.php?rest_route=\/wp\/v2\/users\/4"}],"replies":[{"embeddable":true,"href":"https:\/\/turismo.campeche.gob.mx\/index.php?rest_route=%2Fwp%2Fv2%2Fcomments&post=2674"}],"version-history":[{"count":1,"href":"https:\/\/turismo.campeche.gob.mx\/index.php?rest_route=\/wp\/v2\/posts\/2674\/revisions"}],"predecessor-version":[{"id":2677,"href":"https:\/\/turismo.campeche.gob.mx\/index.php?rest_route=\/wp\/v2\/posts\/2674\/revisions\/2677"}],"wp:featuredmedia":[{"embeddable":true,"href":"https:\/\/turismo.campeche.gob.mx\/index.php?rest_route=\/wp\/v2\/media\/2676"}],"wp:attachment":[{"href":"https:\/\/turismo.campeche.gob.mx\/index.php?rest_route=%2Fwp%2Fv2%2Fmedia&parent=2674"}],"wp:term":[{"taxonomy":"category","embeddable":true,"href":"https:\/\/turismo.campeche.gob.mx\/index.php?rest_route=%2Fwp%2Fv2%2Fcategories&post=2674"},{"taxonomy":"post_tag","embeddable":true,"href":"https:\/\/turismo.campeche.gob.mx\/index.php?rest_route=%2Fwp%2Fv2%2Ftags&post=2674"}],"curies":[{"name":"wp","href":"https:\/\/api.w.org\/{rel}","templated":true}]}}