{"id":2670,"date":"2026-01-22T08:31:30","date_gmt":"2026-01-22T14:31:30","guid":{"rendered":"https:\/\/turismo.campeche.gob.mx\/?p=2670"},"modified":"2026-01-27T08:33:01","modified_gmt":"2026-01-27T14:33:01","slug":"reunion-de-trabajo-con-empresarios-campechanos-para-impulsar-la-promocion-de-campeche-en-fitur","status":"publish","type":"post","link":"https:\/\/turismo.campeche.gob.mx\/?p=2670","title":{"rendered":"Reuni\u00f3n de trabajo con empresarios campechanos para impulsar la promoci\u00f3n de Campeche en FITUR"},"content":{"rendered":"\n<p>Durante <a href=\"https:\/\/www.facebook.com\/FITURMadrid?__cft__[0]=AZaku4LRw3GQKm0V82wrcmnQcuPQfmXukrH4zJ_wV0grGZSY1-9ri0nii7FK584ggCkDRTx3GQwXhclwklU9lhZQky7BxydOfB6o9o5MKOMgm2RFb_GjcXintBzSyD6h19iHKsYBEMQqK8qUVWhn--32tgGcW9yYcAmPFBm-MJNdDDwo8At7l1yGdzFsDpUh96w&amp;__tn__=-]K-R\">FITUR<\/a>, la titular de la Secretar\u00eda de Turismo de Campeche, <a href=\"https:\/\/www.facebook.com\/profile.php?id=61581700576633&amp;__cft__[0]=AZaku4LRw3GQKm0V82wrcmnQcuPQfmXukrH4zJ_wV0grGZSY1-9ri0nii7FK584ggCkDRTx3GQwXhclwklU9lhZQky7BxydOfB6o9o5MKOMgm2RFb_GjcXintBzSyD6h19iHKsYBEMQqK8qUVWhn--32tgGcW9yYcAmPFBm-MJNdDDwo8At7l1yGdzFsDpUh96w&amp;__tn__=-]K-R\">Adda Solis Peniche<\/a>, llev\u00f3 a cabo una reuni\u00f3n de trabajo con empresarios campechanos, con el objetivo de \ud835\udc2c\ud835\udc2e\ud835\udc26\ud835\udc1a\ud835\udc2b \ud835\udc1e\ud835\udc2c\ud835\udc1f\ud835\udc2e\ud835\udc1e\ud835\udc2b\ud835\udc33\ud835\udc28\ud835\udc2c \ud835\udc32 \ud835\udc2d\ud835\udc2b\ud835\udc1a\ud835\udc1b\ud835\udc1a\ud835\udc23\ud835\udc1a\ud835\udc2b \ud835\udc1e\ud835\udc27 \ud835\udc1e\ud835\udc2a\ud835\udc2e\ud835\udc22\ud835\udc29\ud835\udc28 para fortalecer las grandezas del estado y promocionar el destino de la mejor manera en los mercados nacionales e internacionales.<\/p>\n\n\n\n<p>Este encuentro permiti\u00f3 intercambiar ideas, alinear estrategias y reforzar la colaboraci\u00f3n entre el sector p\u00fablico y privado, impulsando una \ud835\udc29\ud835\udc2b\ud835\udc28\ud835\udc26\ud835\udc28\ud835\udc1c\ud835\udc22\u00f3\ud835\udc27 \ud835\udc2d\ud835\udc2e\ud835\udc2b\u00ed\ud835\udc2c\ud835\udc2d\ud835\udc22\ud835\udc1c\ud835\udc1a s\u00f3lida, integral y con visi\u00f3n de futuro.<\/p>\n\n\n\n<figure class=\"wp-block-image size-large\"><img loading=\"lazy\" decoding=\"async\" width=\"768\" height=\"1024\" src=\"https:\/\/turismo.campeche.gob.mx\/wp-content\/uploads\/621170690_1197585302526024_8989155162788999999_n-768x1024.jpg\" alt=\"\" class=\"wp-image-2671\" srcset=\"https:\/\/turismo.campeche.gob.mx\/wp-content\/uploads\/621170690_1197585302526024_8989155162788999999_n-768x1024.jpg 768w, https:\/\/turismo.campeche.gob.mx\/wp-content\/uploads\/621170690_1197585302526024_8989155162788999999_n-480x640.jpg 480w\" sizes=\"(min-width: 0px) and (max-width: 480px) 480px, (min-width: 481px) 768px, 100vw\" \/><\/figure>\n","protected":false},"excerpt":{"rendered":"<p>Durante FITUR, la titular de la Secretar\u00eda de Turismo de Campeche, Adda Solis Peniche, llev\u00f3 a cabo una reuni\u00f3n de trabajo con empresarios campechanos, con el objetivo de \ud835\udc2c\ud835\udc2e\ud835\udc26\ud835\udc1a\ud835\udc2b \ud835\udc1e\ud835\udc2c\ud835\udc1f\ud835\udc2e\ud835\udc1e\ud835\udc2b\ud835\udc33\ud835\udc28\ud835\udc2c \ud835\udc32 \ud835\udc2d\ud835\udc2b\ud835\udc1a\ud835\udc1b\ud835\udc1a\ud835\udc23\ud835\udc1a\ud835\udc2b \ud835\udc1e\ud835\udc27 \ud835\udc1e\ud835\udc2a\ud835\udc2e\ud835\udc22\ud835\udc29\ud835\udc28 para fortalecer las grandezas del estado y promocionar el destino de la mejor manera en los mercados nacionales e internacionales. Este [&hellip;]<\/p>\n","protected":false},"author":4,"featured_media":2672,"comment_status":"open","ping_status":"open","sticky":false,"template":"","format":"standard","meta":{"_acf_changed":false,"_et_pb_use_builder":"off","_et_pb_old_content":"","_et_gb_content_width":"","inline_featured_image":false,"footnotes":""},"categories":[37],"tags":[],"acf":[],"_links":{"self":[{"href":"https:\/\/turismo.campeche.gob.mx\/index.php?rest_route=\/wp\/v2\/posts\/2670"}],"collection":[{"href":"https:\/\/turismo.campeche.gob.mx\/index.php?rest_route=\/wp\/v2\/posts"}],"about":[{"href":"https:\/\/turismo.campeche.gob.mx\/index.php?rest_route=\/wp\/v2\/types\/post"}],"author":[{"embeddable":true,"href":"https:\/\/turismo.campeche.gob.mx\/index.php?rest_route=\/wp\/v2\/users\/4"}],"replies":[{"embeddable":true,"href":"https:\/\/turismo.campeche.gob.mx\/index.php?rest_route=%2Fwp%2Fv2%2Fcomments&post=2670"}],"version-history":[{"count":1,"href":"https:\/\/turismo.campeche.gob.mx\/index.php?rest_route=\/wp\/v2\/posts\/2670\/revisions"}],"predecessor-version":[{"id":2673,"href":"https:\/\/turismo.campeche.gob.mx\/index.php?rest_route=\/wp\/v2\/posts\/2670\/revisions\/2673"}],"wp:featuredmedia":[{"embeddable":true,"href":"https:\/\/turismo.campeche.gob.mx\/index.php?rest_route=\/wp\/v2\/media\/2672"}],"wp:attachment":[{"href":"https:\/\/turismo.campeche.gob.mx\/index.php?rest_route=%2Fwp%2Fv2%2Fmedia&parent=2670"}],"wp:term":[{"taxonomy":"category","embeddable":true,"href":"https:\/\/turismo.campeche.gob.mx\/index.php?rest_route=%2Fwp%2Fv2%2Fcategories&post=2670"},{"taxonomy":"post_tag","embeddable":true,"href":"https:\/\/turismo.campeche.gob.mx\/index.php?rest_route=%2Fwp%2Fv2%2Ftags&post=2670"}],"curies":[{"name":"wp","href":"https:\/\/api.w.org\/{rel}","templated":true}]}}