{"id":2667,"date":"2026-01-22T08:26:47","date_gmt":"2026-01-22T14:26:47","guid":{"rendered":"https:\/\/turismo.campeche.gob.mx\/?p=2667"},"modified":"2026-01-27T08:30:39","modified_gmt":"2026-01-27T14:30:39","slug":"presentan-la-cartelera-oficial-de-la-expo-feria-candelaria-2026","status":"publish","type":"post","link":"https:\/\/turismo.campeche.gob.mx\/?p=2667","title":{"rendered":"Presentan la cartelera oficial de la Expo Feria Candelaria 2026"},"content":{"rendered":"\n<p>El H. Ayuntamiento de Candelaria, en coordinaci\u00f3n con la Secretar\u00eda de Turismo de Campeche, llev\u00f3 a cabo el evento de presentaci\u00f3n de la cartelera oficial de la \ud835\udc04\ud835\udc31\ud835\udc29\ud835\udc28 \ud835\udc05\ud835\udc1e\ud835\udc2b\ud835\udc22\ud835\udc1a \ud835\udc02\ud835\udc1a\ud835\udc27\ud835\udc1d\ud835\udc1e\ud835\udc25\ud835\udc1a\ud835\udc2b\ud835\udc22\ud835\udc1a \ud835\udfd0\ud835\udfce\ud835\udfd0\ud835\udfd4, teniendo como marco el emblem\u00e1tico malec\u00f3n Campeche.<\/p>\n\n\n\n<p>El evento cont\u00f3 con la presencia de Jaime Mu\u00f1oz Morf\u00edn, presidente municipal de Candelaria, as\u00ed como de \u00c1mbar Opengo Ochoa, directora de Promoci\u00f3n de la Secretar\u00eda de Turismo, en representaci\u00f3n de la secretaria Adda Sol\u00eds Peniche.<\/p>\n\n\n\n<p>Durante la jornada, se realiz\u00f3 una pasarela de modas con las aspirantes al \ud835\udc02\ud835\udc1e\ud835\udc2b\ud835\udc2d\ud835\udc1a\ud835\udc26\ud835\udc1e\ud835\udc27 \ud835\udc05\ud835\udc25\ud835\udc28\ud835\udc2b \ud835\udc0c\u00e1\ud835\udc2c \ud835\udc01\ud835\udc1e\ud835\udc25\ud835\udc25\ud835\udc1a, adem\u00e1s de presentaciones art\u00edsticas que resaltaron la tradici\u00f3n y riqueza cultural del Pueblo M\u00e1gico de Candelaria.<\/p>\n","protected":false},"excerpt":{"rendered":"<p>El H. Ayuntamiento de Candelaria, en coordinaci\u00f3n con la Secretar\u00eda de Turismo de Campeche, llev\u00f3 a cabo el evento de presentaci\u00f3n de la cartelera oficial de la \ud835\udc04\ud835\udc31\ud835\udc29\ud835\udc28 \ud835\udc05\ud835\udc1e\ud835\udc2b\ud835\udc22\ud835\udc1a \ud835\udc02\ud835\udc1a\ud835\udc27\ud835\udc1d\ud835\udc1e\ud835\udc25\ud835\udc1a\ud835\udc2b\ud835\udc22\ud835\udc1a \ud835\udfd0\ud835\udfce\ud835\udfd0\ud835\udfd4, teniendo como marco el emblem\u00e1tico malec\u00f3n Campeche. El evento cont\u00f3 con la presencia de Jaime Mu\u00f1oz Morf\u00edn, presidente municipal de Candelaria, as\u00ed como de [&hellip;]<\/p>\n","protected":false},"author":4,"featured_media":0,"comment_status":"open","ping_status":"open","sticky":false,"template":"","format":"standard","meta":{"_acf_changed":false,"_et_pb_use_builder":"","_et_pb_old_content":"","_et_gb_content_width":"","inline_featured_image":false,"footnotes":""},"categories":[1],"tags":[],"acf":[],"_links":{"self":[{"href":"https:\/\/turismo.campeche.gob.mx\/index.php?rest_route=\/wp\/v2\/posts\/2667"}],"collection":[{"href":"https:\/\/turismo.campeche.gob.mx\/index.php?rest_route=\/wp\/v2\/posts"}],"about":[{"href":"https:\/\/turismo.campeche.gob.mx\/index.php?rest_route=\/wp\/v2\/types\/post"}],"author":[{"embeddable":true,"href":"https:\/\/turismo.campeche.gob.mx\/index.php?rest_route=\/wp\/v2\/users\/4"}],"replies":[{"embeddable":true,"href":"https:\/\/turismo.campeche.gob.mx\/index.php?rest_route=%2Fwp%2Fv2%2Fcomments&post=2667"}],"version-history":[{"count":1,"href":"https:\/\/turismo.campeche.gob.mx\/index.php?rest_route=\/wp\/v2\/posts\/2667\/revisions"}],"predecessor-version":[{"id":2669,"href":"https:\/\/turismo.campeche.gob.mx\/index.php?rest_route=\/wp\/v2\/posts\/2667\/revisions\/2669"}],"wp:attachment":[{"href":"https:\/\/turismo.campeche.gob.mx\/index.php?rest_route=%2Fwp%2Fv2%2Fmedia&parent=2667"}],"wp:term":[{"taxonomy":"category","embeddable":true,"href":"https:\/\/turismo.campeche.gob.mx\/index.php?rest_route=%2Fwp%2Fv2%2Fcategories&post=2667"},{"taxonomy":"post_tag","embeddable":true,"href":"https:\/\/turismo.campeche.gob.mx\/index.php?rest_route=%2Fwp%2Fv2%2Ftags&post=2667"}],"curies":[{"name":"wp","href":"https:\/\/api.w.org\/{rel}","templated":true}]}}