{"id":2660,"date":"2026-01-21T08:18:51","date_gmt":"2026-01-21T14:18:51","guid":{"rendered":"https:\/\/turismo.campeche.gob.mx\/?p=2660"},"modified":"2026-01-27T08:19:51","modified_gmt":"2026-01-27T14:19:51","slug":"campeche-fortalece-alianzas-estrategicas-en-fitur-para-impulsar-su-proyeccion-internacional","status":"publish","type":"post","link":"https:\/\/turismo.campeche.gob.mx\/?p=2660","title":{"rendered":"Campeche fortalece alianzas estrat\u00e9gicas en FITUR para impulsar su proyecci\u00f3n internacional"},"content":{"rendered":"\n<p>En el marco de FITUR, la titular de la Secretar\u00eda de Turismo de Campeche, \ud835\udc00\ud835\udc1d\ud835\udc1d\ud835\udc1a \ud835\udc12\ud835\udc28\ud835\udc25\u00ed\ud835\udc2c \ud835\udc0f\ud835\udc1e\ud835\udc27\ud835\udc22\ud835\udc1c\ud835\udc21\ud835\udc1e, junto con la delegaci\u00f3n campechana, recibi\u00f3 en el pabellon de Campeche a Levi Williams, Presidente Nacional de la AMAV, y a agremiados de la asociaci\u00f3n.<\/p>\n\n\n\n<p>Este encuentro busca \ud835\udc1c\ud835\udc28\ud835\udc27\ud835\udc2c\ud835\udc28\ud835\udc25\ud835\udc22\ud835\udc1d\ud835\udc1a\ud835\udc2b \ud835\udc1a\ud835\udc25\ud835\udc22\ud835\udc1a\ud835\udc27\ud835\udc33\ud835\udc1a\ud835\udc2c con agencias de viajes afiliadas, que permitan impulsar la promoci\u00f3n de Campeche en el mercado europeo, ampliar la presencia del destino y generar nuevas oportunidades de crecimiento tur\u00edstico.<\/p>\n\n\n\n<p>Seguimos trabajando de manera coordinada para que Campeche contin\u00fae \ud835\udc29\ud835\udc28\ud835\udc2c\ud835\udc22\ud835\udc1c\ud835\udc22\ud835\udc28\ud835\udc27\u00e1\ud835\udc27\ud835\udc1d\ud835\udc28\ud835\udc2c\ud835\udc1e a nivel internacional.<\/p>\n","protected":false},"excerpt":{"rendered":"<p>En el marco de FITUR, la titular de la Secretar\u00eda de Turismo de Campeche, \ud835\udc00\ud835\udc1d\ud835\udc1d\ud835\udc1a \ud835\udc12\ud835\udc28\ud835\udc25\u00ed\ud835\udc2c \ud835\udc0f\ud835\udc1e\ud835\udc27\ud835\udc22\ud835\udc1c\ud835\udc21\ud835\udc1e, junto con la delegaci\u00f3n campechana, recibi\u00f3 en el pabellon de Campeche a Levi Williams, Presidente Nacional de la AMAV, y a agremiados de la asociaci\u00f3n. Este encuentro busca \ud835\udc1c\ud835\udc28\ud835\udc27\ud835\udc2c\ud835\udc28\ud835\udc25\ud835\udc22\ud835\udc1d\ud835\udc1a\ud835\udc2b \ud835\udc1a\ud835\udc25\ud835\udc22\ud835\udc1a\ud835\udc27\ud835\udc33\ud835\udc1a\ud835\udc2c con agencias de viajes afiliadas, que permitan impulsar [&hellip;]<\/p>\n","protected":false},"author":4,"featured_media":2661,"comment_status":"open","ping_status":"open","sticky":false,"template":"","format":"standard","meta":{"_acf_changed":false,"_et_pb_use_builder":"off","_et_pb_old_content":"","_et_gb_content_width":"","inline_featured_image":false,"footnotes":""},"categories":[37],"tags":[],"acf":[],"_links":{"self":[{"href":"https:\/\/turismo.campeche.gob.mx\/index.php?rest_route=\/wp\/v2\/posts\/2660"}],"collection":[{"href":"https:\/\/turismo.campeche.gob.mx\/index.php?rest_route=\/wp\/v2\/posts"}],"about":[{"href":"https:\/\/turismo.campeche.gob.mx\/index.php?rest_route=\/wp\/v2\/types\/post"}],"author":[{"embeddable":true,"href":"https:\/\/turismo.campeche.gob.mx\/index.php?rest_route=\/wp\/v2\/users\/4"}],"replies":[{"embeddable":true,"href":"https:\/\/turismo.campeche.gob.mx\/index.php?rest_route=%2Fwp%2Fv2%2Fcomments&post=2660"}],"version-history":[{"count":1,"href":"https:\/\/turismo.campeche.gob.mx\/index.php?rest_route=\/wp\/v2\/posts\/2660\/revisions"}],"predecessor-version":[{"id":2662,"href":"https:\/\/turismo.campeche.gob.mx\/index.php?rest_route=\/wp\/v2\/posts\/2660\/revisions\/2662"}],"wp:featuredmedia":[{"embeddable":true,"href":"https:\/\/turismo.campeche.gob.mx\/index.php?rest_route=\/wp\/v2\/media\/2661"}],"wp:attachment":[{"href":"https:\/\/turismo.campeche.gob.mx\/index.php?rest_route=%2Fwp%2Fv2%2Fmedia&parent=2660"}],"wp:term":[{"taxonomy":"category","embeddable":true,"href":"https:\/\/turismo.campeche.gob.mx\/index.php?rest_route=%2Fwp%2Fv2%2Fcategories&post=2660"},{"taxonomy":"post_tag","embeddable":true,"href":"https:\/\/turismo.campeche.gob.mx\/index.php?rest_route=%2Fwp%2Fv2%2Ftags&post=2660"}],"curies":[{"name":"wp","href":"https:\/\/api.w.org\/{rel}","templated":true}]}}