{"id":2656,"date":"2026-01-21T08:16:46","date_gmt":"2026-01-21T14:16:46","guid":{"rendered":"https:\/\/turismo.campeche.gob.mx\/?p=2656"},"modified":"2026-01-27T08:18:49","modified_gmt":"2026-01-27T14:18:49","slug":"%f0%9d%90%82%f0%9d%90%9a%f0%9d%90%a6%f0%9d%90%a9%f0%9d%90%9e%f0%9d%90%9c%f0%9d%90%a1%f0%9d%90%9e-%f0%9d%90%a2%f0%9d%90%a6%f0%9d%90%a9%f0%9d%90%ae%f0%9d%90%a5%f0%9d%90%ac%f0%9d%90%9a-%f0%9d%90%9e","status":"publish","type":"post","link":"https:\/\/turismo.campeche.gob.mx\/?p=2656","title":{"rendered":"\ud835\udc02\ud835\udc1a\ud835\udc26\ud835\udc29\ud835\udc1e\ud835\udc1c\ud835\udc21\ud835\udc1e \ud835\udc22\ud835\udc26\ud835\udc29\ud835\udc2e\ud835\udc25\ud835\udc2c\ud835\udc1a \ud835\udc1e\ud835\udc25 \ud835\udc2d\ud835\udc2e\ud835\udc2b\ud835\udc22\ud835\udc2c\ud835\udc26\ud835\udc28 \ud835\udc1d\ud835\udc1e \ud835\udc2b\ud835\udc1e\ud835\udc2e\ud835\udc27\ud835\udc22\ud835\udc28\ud835\udc27\ud835\udc1e\ud835\udc2c."},"content":{"rendered":"\n<p>En el marco de FITUR, la Secretaria de Turismo de Campeche, Adda Sol\u00eds Peniche, firm\u00f3 un \ud835\udc1c\ud835\udc28\ud835\udc27\ud835\udc2f\ud835\udc1e\ud835\udc27\ud835\udc22\ud835\udc28 \ud835\udc1d\ud835\udc1e \ud835\udc1c\ud835\udc28\ud835\udc25\ud835\udc1a\ud835\udc1b\ud835\udc28\ud835\udc2b\ud835\udc1a\ud835\udc1c\ud835\udc22\u00f3\ud835\udc27 con el Consejo Mexicano de la Industria de Reuniones (COMIR), presidido por Luis Roberto D\u00edaz Pascual, para fortalecer las estrategias que impulsen el turismo de reuniones en el estado.<\/p>\n\n\n\n<p>Este acuerdo permitir\u00e1 coordinar acciones de promoci\u00f3n, capacitaci\u00f3n y vinculaci\u00f3n institucional, consolidando a Campeche como un \ud835\udc1d\ud835\udc1e\ud835\udc2c\ud835\udc2d\ud835\udc22\ud835\udc27\ud835\udc28 \ud835\udc1c\ud835\udc28\ud835\udc26\ud835\udc29\ud835\udc1e\ud835\udc2d\ud835\udc22\ud835\udc2d\ud835\udc22\ud835\udc2f\ud835\udc28 para congresos, convenciones y eventos, tanto a nivel nacional como internacional.<\/p>\n\n\n\n<figure class=\"wp-block-image size-large\"><img loading=\"lazy\" decoding=\"async\" width=\"819\" height=\"1024\" src=\"https:\/\/turismo.campeche.gob.mx\/wp-content\/uploads\/618634448_1196786592605895_5747438781310802770_n-819x1024.jpg\" alt=\"\" class=\"wp-image-2657\" \/><\/figure>\n","protected":false},"excerpt":{"rendered":"<p>En el marco de FITUR, la Secretaria de Turismo de Campeche, Adda Sol\u00eds Peniche, firm\u00f3 un \ud835\udc1c\ud835\udc28\ud835\udc27\ud835\udc2f\ud835\udc1e\ud835\udc27\ud835\udc22\ud835\udc28 \ud835\udc1d\ud835\udc1e \ud835\udc1c\ud835\udc28\ud835\udc25\ud835\udc1a\ud835\udc1b\ud835\udc28\ud835\udc2b\ud835\udc1a\ud835\udc1c\ud835\udc22\u00f3\ud835\udc27 con el Consejo Mexicano de la Industria de Reuniones (COMIR), presidido por Luis Roberto D\u00edaz Pascual, para fortalecer las estrategias que impulsen el turismo de reuniones en el estado. Este acuerdo permitir\u00e1 coordinar acciones de promoci\u00f3n, [&hellip;]<\/p>\n","protected":false},"author":4,"featured_media":2658,"comment_status":"open","ping_status":"open","sticky":false,"template":"","format":"standard","meta":{"_acf_changed":false,"_et_pb_use_builder":"off","_et_pb_old_content":"","_et_gb_content_width":"","inline_featured_image":false,"footnotes":""},"categories":[37],"tags":[],"acf":[],"_links":{"self":[{"href":"https:\/\/turismo.campeche.gob.mx\/index.php?rest_route=\/wp\/v2\/posts\/2656"}],"collection":[{"href":"https:\/\/turismo.campeche.gob.mx\/index.php?rest_route=\/wp\/v2\/posts"}],"about":[{"href":"https:\/\/turismo.campeche.gob.mx\/index.php?rest_route=\/wp\/v2\/types\/post"}],"author":[{"embeddable":true,"href":"https:\/\/turismo.campeche.gob.mx\/index.php?rest_route=\/wp\/v2\/users\/4"}],"replies":[{"embeddable":true,"href":"https:\/\/turismo.campeche.gob.mx\/index.php?rest_route=%2Fwp%2Fv2%2Fcomments&post=2656"}],"version-history":[{"count":1,"href":"https:\/\/turismo.campeche.gob.mx\/index.php?rest_route=\/wp\/v2\/posts\/2656\/revisions"}],"predecessor-version":[{"id":2659,"href":"https:\/\/turismo.campeche.gob.mx\/index.php?rest_route=\/wp\/v2\/posts\/2656\/revisions\/2659"}],"wp:featuredmedia":[{"embeddable":true,"href":"https:\/\/turismo.campeche.gob.mx\/index.php?rest_route=\/wp\/v2\/media\/2658"}],"wp:attachment":[{"href":"https:\/\/turismo.campeche.gob.mx\/index.php?rest_route=%2Fwp%2Fv2%2Fmedia&parent=2656"}],"wp:term":[{"taxonomy":"category","embeddable":true,"href":"https:\/\/turismo.campeche.gob.mx\/index.php?rest_route=%2Fwp%2Fv2%2Fcategories&post=2656"},{"taxonomy":"post_tag","embeddable":true,"href":"https:\/\/turismo.campeche.gob.mx\/index.php?rest_route=%2Fwp%2Fv2%2Ftags&post=2656"}],"curies":[{"name":"wp","href":"https:\/\/api.w.org\/{rel}","templated":true}]}}