{"id":2653,"date":"2026-01-21T08:15:17","date_gmt":"2026-01-21T14:15:17","guid":{"rendered":"https:\/\/turismo.campeche.gob.mx\/?p=2653"},"modified":"2026-01-27T08:27:59","modified_gmt":"2026-01-27T14:27:59","slug":"%f0%9d%90%82%f0%9d%90%9a%f0%9d%90%a6%f0%9d%90%a9%f0%9d%90%9e%f0%9d%90%9c%f0%9d%90%a1%f0%9d%90%9e-%f0%9d%90%a9%f0%9d%90%ab%f0%9d%90%9e%f0%9d%90%ac%f0%9d%90%9e%f0%9d%90%a7%f0%9d%90%ad%f0%9d%90%9e","status":"publish","type":"post","link":"https:\/\/turismo.campeche.gob.mx\/?p=2653","title":{"rendered":"\u00a1\ud835\udc02\ud835\udc1a\ud835\udc26\ud835\udc29\ud835\udc1e\ud835\udc1c\ud835\udc21\ud835\udc1e \ud835\udc29\ud835\udc2b\ud835\udc1e\ud835\udc2c\ud835\udc1e\ud835\udc27\ud835\udc2d\ud835\udc1e \ud835\udc1e\ud835\udc27 \ud835\udc1e\ud835\udc25 \ud835\udc1e\ud835\udc2c\ud835\udc1c\ud835\udc1e\ud835\udc27\ud835\udc1a\ud835\udc2b\ud835\udc22\ud835\udc28 \ud835\udc2d\ud835\udc2e\ud835\udc2b\u00ed\ud835\udc2c\ud835\udc2d\ud835\udc22\ud835\udc1c\ud835\udc28 \ud835\udc26\u00e1\ud835\udc2c \ud835\udc22\ud835\udc26\ud835\udc29\ud835\udc28\ud835\udc2b\ud835\udc2d\ud835\udc1a\ud835\udc27\ud835\udc2d\ud835\udc1e \ud835\udc1d\ud835\udc1e\ud835\udc25 \ud835\udc26\ud835\udc2e\ud835\udc27\ud835\udc1d\ud835\udc28!"},"content":{"rendered":"\n<p>Campeche participa en \ud835\udc05\ud835\udc08\ud835\udc13\ud835\udc14\ud835\udc11, la feria tur\u00edstica internacional m\u00e1s relevante a nivel mundial. Las actividades dieron inicio con el corte de list\u00f3n del pabell\u00f3n de Campeche, encabezado por la titular de la Secretar\u00eda de Turismo del Estado, Adda Sol\u00eds Peniche, junto a la secretaria de Turismo Federal, Josefina Rodr\u00edguez, acompa\u00f1adas de toda la delegaci\u00f3n campechana participante.<\/p>\n\n\n\n<p>La presencia de Campeche en FITUR es fundamental para \ud835\udc22\ud835\udc26\ud835\udc29\ud835\udc2e\ud835\udc25\ud835\udc2c\ud835\udc1a\ud835\udc2b \ud835\udc25\ud835\udc1a \ud835\udc29\ud835\udc2b\ud835\udc28\ud835\udc26\ud835\udc28\ud835\udc1c\ud835\udc22\u00f3\ud835\udc27 internacional del destino, fortalecer alianzas estrat\u00e9gicas, atraer inversiones y posicionar al estado como un referente de turismo cultural, gastron\u00f3mico y sostenible ante los principales mercados del mundo.<\/p>\n\n\n\n<p>Seguimos trabajando de manera conjunta para que el turismo sea un motor de \ud835\udc1d\ud835\udc1e\ud835\udc2c\ud835\udc1a\ud835\udc2b\ud835\udc2b\ud835\udc28\ud835\udc25\ud835\udc25\ud835\udc28 \ud835\udc32 \ud835\udc1b\ud835\udc22\ud835\udc1e\ud835\udc27\ud835\udc1e\ud835\udc2c\ud835\udc2d\ud835\udc1a\ud835\udc2b para todas y todos.<\/p>\n","protected":false},"excerpt":{"rendered":"<p>Campeche participa en \ud835\udc05\ud835\udc08\ud835\udc13\ud835\udc14\ud835\udc11, la feria tur\u00edstica internacional m\u00e1s relevante a nivel mundial. Las actividades dieron inicio con el corte de list\u00f3n del pabell\u00f3n de Campeche, encabezado por la titular de la Secretar\u00eda de Turismo del Estado, Adda Sol\u00eds Peniche, junto a la secretaria de Turismo Federal, Josefina Rodr\u00edguez, acompa\u00f1adas de toda la delegaci\u00f3n campechana [&hellip;]<\/p>\n","protected":false},"author":4,"featured_media":2654,"comment_status":"open","ping_status":"open","sticky":false,"template":"","format":"standard","meta":{"_acf_changed":false,"_et_pb_use_builder":"off","_et_pb_old_content":"","_et_gb_content_width":"","inline_featured_image":false,"footnotes":""},"categories":[37],"tags":[],"acf":[],"_links":{"self":[{"href":"https:\/\/turismo.campeche.gob.mx\/index.php?rest_route=\/wp\/v2\/posts\/2653"}],"collection":[{"href":"https:\/\/turismo.campeche.gob.mx\/index.php?rest_route=\/wp\/v2\/posts"}],"about":[{"href":"https:\/\/turismo.campeche.gob.mx\/index.php?rest_route=\/wp\/v2\/types\/post"}],"author":[{"embeddable":true,"href":"https:\/\/turismo.campeche.gob.mx\/index.php?rest_route=\/wp\/v2\/users\/4"}],"replies":[{"embeddable":true,"href":"https:\/\/turismo.campeche.gob.mx\/index.php?rest_route=%2Fwp%2Fv2%2Fcomments&post=2653"}],"version-history":[{"count":1,"href":"https:\/\/turismo.campeche.gob.mx\/index.php?rest_route=\/wp\/v2\/posts\/2653\/revisions"}],"predecessor-version":[{"id":2655,"href":"https:\/\/turismo.campeche.gob.mx\/index.php?rest_route=\/wp\/v2\/posts\/2653\/revisions\/2655"}],"wp:featuredmedia":[{"embeddable":true,"href":"https:\/\/turismo.campeche.gob.mx\/index.php?rest_route=\/wp\/v2\/media\/2654"}],"wp:attachment":[{"href":"https:\/\/turismo.campeche.gob.mx\/index.php?rest_route=%2Fwp%2Fv2%2Fmedia&parent=2653"}],"wp:term":[{"taxonomy":"category","embeddable":true,"href":"https:\/\/turismo.campeche.gob.mx\/index.php?rest_route=%2Fwp%2Fv2%2Fcategories&post=2653"},{"taxonomy":"post_tag","embeddable":true,"href":"https:\/\/turismo.campeche.gob.mx\/index.php?rest_route=%2Fwp%2Fv2%2Ftags&post=2653"}],"curies":[{"name":"wp","href":"https:\/\/api.w.org\/{rel}","templated":true}]}}