{"id":2644,"date":"2026-01-20T08:02:13","date_gmt":"2026-01-20T14:02:13","guid":{"rendered":"https:\/\/turismo.campeche.gob.mx\/?p=2644"},"modified":"2026-01-27T08:06:35","modified_gmt":"2026-01-27T14:06:35","slug":"%f0%9d%90%8ce%f0%9d%90%b1%f0%9d%90%a2%f0%9d%90%9c%f0%9d%90%a8-%f0%9d%90%9a%f0%9d%90%9b%f0%9d%90%ab%f0%9d%90%9e-%f0%9d%90%ac%f0%9d%90%ae%f0%9d%90%ac-%f0%9d%90%a9%f0%9d%90%ae%f0%9d%90%9e%f0%9d%90%ab","status":"publish","type":"post","link":"https:\/\/turismo.campeche.gob.mx\/?p=2644","title":{"rendered":"\ud835\udc0c\u00e9\ud835\udc31\ud835\udc22\ud835\udc1c\ud835\udc28 \ud835\udc1a\ud835\udc1b\ud835\udc2b\ud835\udc1e \ud835\udc2c\ud835\udc2e\ud835\udc2c \ud835\udc29\ud835\udc2e\ud835\udc1e\ud835\udc2b\ud835\udc2d\ud835\udc1a\ud835\udc2c \ud835\udc1a\ud835\udc25 \ud835\udc26\ud835\udc2e\ud835\udc27\ud835\udc1d\ud835\udc28 \ud835\udc1d\ud835\udc1e\ud835\udc2c\ud835\udc1d\ud835\udc1e \ud835\udc0c\ud835\udc1a\ud835\udc1d\ud835\udc2b\ud835\udc22\ud835\udc1d"},"content":{"rendered":"\n<p>En el marco de <a href=\"https:\/\/www.facebook.com\/hashtag\/fitur2026?__eep__=6&amp;__cft__[0]=AZa3oOhb0ZMLvRIz4L3L-bCjtJqD2jrC1W1PwniRFleh-v7Bapj6UXfKCSXftmvXarmc-tSk7LJMASOLz4QdQPxoAyXooT3XYcrvjoMUuDFwKn5J8X6q7ZVUX4Mu180JBqsjUqoDmKXIWj3-oYPk7b_ZILJw2GF0jZMYKjhRfnY9DptK-GEMahRSlahtR5yXYIg&amp;__tn__=*NK-R\">#FITUR2026<\/a>, se inaugur\u00f3 \ud835\udc15\ud835\udc1e\ud835\udc27\ud835\udc2d\ud835\udc1a\ud835\udc27\ud835\udc1a \ud835\udc1a \ud835\udc0c\u00e9\ud835\udc31\ud835\udc22\ud835\udc1c\ud835\udc28, un espacio institucional dedicado a la promoci\u00f3n, exhibici\u00f3n y comercializaci\u00f3n de la artesan\u00eda mexicana en el coraz\u00f3n de Madrid.<\/p>\n\n\n\n<p>La titular de la Secretar\u00eda de Turismo, \ud835\udc00\ud835\udc1d\ud835\udc1d\ud835\udc1a \ud835\udc12\ud835\udc28\ud835\udc25\u00ed\ud835\udc2c \ud835\udc0f\ud835\udc1e\ud835\udc27\ud835\udc22\ud835\udc1c\ud835\udc21\ud835\udc1e, acompa\u00f1\u00f3 a la Secretaria de Turismo Federal, Josefina Rodr\u00edguez Zamora, a las y los secretarios de Turismo de los estados, as\u00ed como a la Gobernadora de Quintana Roo, Mara Lezama, en este acto que marca el inicio de la agenda mexicana en Madrid.<\/p>\n\n\n\n<p>Ventana a M\u00e9xico posiciona a M\u00e9xico como destino y pa\u00eds invitado, fortalece su proyecci\u00f3n internacional y \ud835\udc2b\ud835\udc1e\ud835\udc1a\ud835\udc1f\ud835\udc22\ud835\udc2b\ud835\udc26\ud835\udc1a \ud835\udc1a\ud835\udc25 \ud835\udc2d\ud835\udc2e\ud835\udc2b\ud835\udc22\ud835\udc2c\ud835\udc26\ud835\udc28 como un puente entre cultura, desarrollo y prosperidad compartida. <\/p>\n\n\n\n<figure class=\"wp-block-image size-large\"><img loading=\"lazy\" decoding=\"async\" width=\"1024\" height=\"683\" src=\"https:\/\/turismo.campeche.gob.mx\/wp-content\/uploads\/618402838_1196110876006800_7663572237901147974_n-1-1024x683.jpg\" alt=\"\" class=\"wp-image-2647\" srcset=\"https:\/\/turismo.campeche.gob.mx\/wp-content\/uploads\/618402838_1196110876006800_7663572237901147974_n-1-1024x683.jpg 1024w, https:\/\/turismo.campeche.gob.mx\/wp-content\/uploads\/618402838_1196110876006800_7663572237901147974_n-1-980x654.jpg 980w, https:\/\/turismo.campeche.gob.mx\/wp-content\/uploads\/618402838_1196110876006800_7663572237901147974_n-1-480x320.jpg 480w\" sizes=\"(min-width: 0px) and (max-width: 480px) 480px, (min-width: 481px) and (max-width: 980px) 980px, (min-width: 981px) 1024px, 100vw\" \/><\/figure>\n","protected":false},"excerpt":{"rendered":"<p>En el marco de #FITUR2026, se inaugur\u00f3 \ud835\udc15\ud835\udc1e\ud835\udc27\ud835\udc2d\ud835\udc1a\ud835\udc27\ud835\udc1a \ud835\udc1a \ud835\udc0c\u00e9\ud835\udc31\ud835\udc22\ud835\udc1c\ud835\udc28, un espacio institucional dedicado a la promoci\u00f3n, exhibici\u00f3n y comercializaci\u00f3n de la artesan\u00eda mexicana en el coraz\u00f3n de Madrid. La titular de la Secretar\u00eda de Turismo, \ud835\udc00\ud835\udc1d\ud835\udc1d\ud835\udc1a \ud835\udc12\ud835\udc28\ud835\udc25\u00ed\ud835\udc2c \ud835\udc0f\ud835\udc1e\ud835\udc27\ud835\udc22\ud835\udc1c\ud835\udc21\ud835\udc1e, acompa\u00f1\u00f3 a la Secretaria de Turismo Federal, Josefina Rodr\u00edguez Zamora, a las y los secretarios de [&hellip;]<\/p>\n","protected":false},"author":4,"featured_media":2645,"comment_status":"open","ping_status":"open","sticky":false,"template":"","format":"standard","meta":{"_acf_changed":false,"_et_pb_use_builder":"off","_et_pb_old_content":"","_et_gb_content_width":"","inline_featured_image":false,"footnotes":""},"categories":[37],"tags":[],"acf":[],"_links":{"self":[{"href":"https:\/\/turismo.campeche.gob.mx\/index.php?rest_route=\/wp\/v2\/posts\/2644"}],"collection":[{"href":"https:\/\/turismo.campeche.gob.mx\/index.php?rest_route=\/wp\/v2\/posts"}],"about":[{"href":"https:\/\/turismo.campeche.gob.mx\/index.php?rest_route=\/wp\/v2\/types\/post"}],"author":[{"embeddable":true,"href":"https:\/\/turismo.campeche.gob.mx\/index.php?rest_route=\/wp\/v2\/users\/4"}],"replies":[{"embeddable":true,"href":"https:\/\/turismo.campeche.gob.mx\/index.php?rest_route=%2Fwp%2Fv2%2Fcomments&post=2644"}],"version-history":[{"count":1,"href":"https:\/\/turismo.campeche.gob.mx\/index.php?rest_route=\/wp\/v2\/posts\/2644\/revisions"}],"predecessor-version":[{"id":2648,"href":"https:\/\/turismo.campeche.gob.mx\/index.php?rest_route=\/wp\/v2\/posts\/2644\/revisions\/2648"}],"wp:featuredmedia":[{"embeddable":true,"href":"https:\/\/turismo.campeche.gob.mx\/index.php?rest_route=\/wp\/v2\/media\/2645"}],"wp:attachment":[{"href":"https:\/\/turismo.campeche.gob.mx\/index.php?rest_route=%2Fwp%2Fv2%2Fmedia&parent=2644"}],"wp:term":[{"taxonomy":"category","embeddable":true,"href":"https:\/\/turismo.campeche.gob.mx\/index.php?rest_route=%2Fwp%2Fv2%2Fcategories&post=2644"},{"taxonomy":"post_tag","embeddable":true,"href":"https:\/\/turismo.campeche.gob.mx\/index.php?rest_route=%2Fwp%2Fv2%2Ftags&post=2644"}],"curies":[{"name":"wp","href":"https:\/\/api.w.org\/{rel}","templated":true}]}}