{"id":2637,"date":"2026-01-13T11:03:18","date_gmt":"2026-01-13T17:03:18","guid":{"rendered":"https:\/\/turismo.campeche.gob.mx\/?p=2637"},"modified":"2026-01-19T11:07:04","modified_gmt":"2026-01-19T17:07:04","slug":"%f0%9d%9f%ad%f0%9d%9f%ad%f0%9d%9f%ac-%f0%9d%97%94%f0%9d%98%80%f0%9d%97%ae%f0%9d%97%ba%f0%9d%97%af%f0%9d%97%b9%f0%9d%97%b2%f0%9d%97%ae-%f0%9d%97%9a%f0%9d%97%b2%f0%9d%97%bb%f0%9d%97%b2%f0%9d%97%bf","status":"publish","type":"post","link":"https:\/\/turismo.campeche.gob.mx\/?p=2637","title":{"rendered":"\ud835\udfed\ud835\udfed\ud835\udfec \ud835\uddd4\ud835\ude00\ud835\uddee\ud835\uddfa\ud835\uddef\ud835\uddf9\ud835\uddf2\ud835\uddee \ud835\uddda\ud835\uddf2\ud835\uddfb\ud835\uddf2\ud835\uddff\ud835\uddee\ud835\uddf9 \ud835\udde2\ud835\uddff\ud835\uddf1\ud835\uddf6\ud835\uddfb\ud835\uddee\ud835\uddff\ud835\uddf6\ud835\uddee \u2022 \ud835\uddd8\ud835\ude05\ud835\ude01\ud835\uddff\ud835\uddee\ud835\uddfc\ud835\uddff\ud835\uddf1\ud835\uddf6\ud835\uddfb\ud835\uddee\ud835\uddff\ud835\uddf6\ud835\uddee \ud835\uddf1\ud835\uddf2 \ud835\uddd6\ud835\udde2\ud835\udde1\ud835\uddd6\ud835\uddd4\ud835\udde1\ud835\uddd4\ud835\uddd6\ud835\udde2 \ud835\udde6\ud835\uddd8\ud835\udde5\ud835\udde9\ud835\uddec\ud835\udde7\ud835\udde8\ud835\udde5."},"content":{"rendered":"\n<p><strong>Asisti\u00f3 a la Asamblea General de CONCANACO SERVYTUR<\/strong>, un importante espacio de encuentro que permiti\u00f3 el intercambio de ideas, el di\u00e1logo abierto y la suma de voluntades entre representantes del sector empresarial, con el objetivo de fortalecer la actividad econ\u00f3mica y promover el desarrollo del pa\u00eds.<\/p>\n\n\n\n<p>La coordinaci\u00f3n, la colaboraci\u00f3n y el trabajo conjunto contin\u00faan siendo elementos fundamentales para avanzar juntas y juntos, impulsar la competitividad y generar mayores oportunidades para M\u00e9xico.<\/p>\n\n\n","protected":false},"excerpt":{"rendered":"<p>Asisti\u00f3 a la Asamblea General de CONCANACO SERVYTUR, un importante espacio de encuentro que permiti\u00f3 el intercambio de ideas, el di\u00e1logo abierto y la suma de voluntades entre representantes del sector empresarial, con el objetivo de fortalecer la actividad econ\u00f3mica y promover el desarrollo del pa\u00eds. La coordinaci\u00f3n, la colaboraci\u00f3n y el trabajo conjunto contin\u00faan [&hellip;]<\/p>\n","protected":false},"author":4,"featured_media":2638,"comment_status":"open","ping_status":"open","sticky":false,"template":"","format":"standard","meta":{"_acf_changed":false,"_et_pb_use_builder":"off","_et_pb_old_content":"","_et_gb_content_width":"","inline_featured_image":false,"footnotes":""},"categories":[37],"tags":[],"acf":[],"_links":{"self":[{"href":"https:\/\/turismo.campeche.gob.mx\/index.php?rest_route=\/wp\/v2\/posts\/2637"}],"collection":[{"href":"https:\/\/turismo.campeche.gob.mx\/index.php?rest_route=\/wp\/v2\/posts"}],"about":[{"href":"https:\/\/turismo.campeche.gob.mx\/index.php?rest_route=\/wp\/v2\/types\/post"}],"author":[{"embeddable":true,"href":"https:\/\/turismo.campeche.gob.mx\/index.php?rest_route=\/wp\/v2\/users\/4"}],"replies":[{"embeddable":true,"href":"https:\/\/turismo.campeche.gob.mx\/index.php?rest_route=%2Fwp%2Fv2%2Fcomments&post=2637"}],"version-history":[{"count":1,"href":"https:\/\/turismo.campeche.gob.mx\/index.php?rest_route=\/wp\/v2\/posts\/2637\/revisions"}],"predecessor-version":[{"id":2641,"href":"https:\/\/turismo.campeche.gob.mx\/index.php?rest_route=\/wp\/v2\/posts\/2637\/revisions\/2641"}],"wp:featuredmedia":[{"embeddable":true,"href":"https:\/\/turismo.campeche.gob.mx\/index.php?rest_route=\/wp\/v2\/media\/2638"}],"wp:attachment":[{"href":"https:\/\/turismo.campeche.gob.mx\/index.php?rest_route=%2Fwp%2Fv2%2Fmedia&parent=2637"}],"wp:term":[{"taxonomy":"category","embeddable":true,"href":"https:\/\/turismo.campeche.gob.mx\/index.php?rest_route=%2Fwp%2Fv2%2Fcategories&post=2637"},{"taxonomy":"post_tag","embeddable":true,"href":"https:\/\/turismo.campeche.gob.mx\/index.php?rest_route=%2Fwp%2Fv2%2Ftags&post=2637"}],"curies":[{"name":"wp","href":"https:\/\/api.w.org\/{rel}","templated":true}]}}