{"id":2630,"date":"2026-01-17T10:57:53","date_gmt":"2026-01-17T16:57:53","guid":{"rendered":"https:\/\/turismo.campeche.gob.mx\/?p=2630"},"modified":"2026-01-19T10:59:00","modified_gmt":"2026-01-19T16:59:00","slug":"%f0%9d%97%a3%f0%9d%97%bf%f0%9d%97%b2%f0%9d%97%bd%f0%9d%97%ae%f0%9d%97%bf%f0%9d%97%ae%f0%9d%97%bb%f0%9d%97%b1%f0%9d%97%bc-%f0%9d%97%bb%f0%9d%98%82%f0%9d%97%b2%f0%9d%98%80%f0%9d%98%81%f0%9d%97%bf","status":"publish","type":"post","link":"https:\/\/turismo.campeche.gob.mx\/?p=2630","title":{"rendered":"\ud835\udde3\ud835\uddff\ud835\uddf2\ud835\uddfd\ud835\uddee\ud835\uddff\ud835\uddee\ud835\uddfb\ud835\uddf1\ud835\uddfc \ud835\uddfb\ud835\ude02\ud835\uddf2\ud835\ude00\ud835\ude01\ud835\uddff\ud835\uddee \ud835\uddfd\ud835\uddee\ud835\uddff\ud835\ude01\ud835\uddf6\ud835\uddf0\ud835\uddf6\ud835\uddfd\ud835\uddee\ud835\uddf0\ud835\uddf6\ud835\uddfc\u0301\ud835\uddfb \ud835\uddf2\ud835\uddfb \ud835\uddd9\ud835\udddc\ud835\udde7\ud835\udde8\ud835\udde5 \ud835\udfee\ud835\udfec\ud835\udfee\ud835\udff2."},"content":{"rendered":"\n<p>Nos reunimos con maestras y maestros de <a><\/a>folklor que est\u00e1n preparando las piezas de baile que llevar\u00e1n el coraz\u00f3n de Campeche al escenario internacional. Hablamos de \ud835\uddf5\ud835\uddf6\ud835\ude00\ud835\ude01\ud835\uddfc\ud835\uddff\ud835\uddf6\ud835\uddee, \ud835\uddf6\ud835\uddf1\ud835\uddf2\ud835\uddfb\ud835\ude01\ud835\uddf6\ud835\uddf1\ud835\uddee\ud835\uddf1 \ud835\ude06 \ud835\uddff\ud835\uddee\ud835\udeca\u0301\ud835\uddf0\ud835\uddf2\ud835\ude00, y de c\u00f3mo la herencia cultural y el turismo caminan juntos para compartirnos con el mundo.<\/p>\n\n\n\n<p>Cada expresi\u00f3n art\u00edstica que veremos en FITUR cuenta una historia de nuestras comunidades, de la ciudad amurallada, del mundo maya y de la gente que mantiene vivas estas tradiciones. Gracias a quienes dedican su vida a conservar y ense\u00f1ar nuestro folklor; juntas y juntos mostraremos por qu\u00e9 Campeche es un destino que se vive con el alma. Campeche es Puro Amor.<\/p>\n\n\n\n<p>Maestros:<\/p>\n\n\n\n<p>-Capullo Sosa<\/p>\n\n\n\n<p>-Mirna Sosa<\/p>\n\n\n\n<p>-Enrique Castilla<\/p>\n\n\n\n<p>-Laureano Santos Linares<\/p>\n\n\n\n<p><\/p>\n","protected":false},"excerpt":{"rendered":"<p>Nos reunimos con maestras y maestros de folklor que est\u00e1n preparando las piezas de baile que llevar\u00e1n el coraz\u00f3n de Campeche al escenario internacional. Hablamos de \ud835\uddf5\ud835\uddf6\ud835\ude00\ud835\ude01\ud835\uddfc\ud835\uddff\ud835\uddf6\ud835\uddee, \ud835\uddf6\ud835\uddf1\ud835\uddf2\ud835\uddfb\ud835\ude01\ud835\uddf6\ud835\uddf1\ud835\uddee\ud835\uddf1 \ud835\ude06 \ud835\uddff\ud835\uddee\ud835\udeca\u0301\ud835\uddf0\ud835\uddf2\ud835\ude00, y de c\u00f3mo la herencia cultural y el turismo caminan juntos para compartirnos con el mundo. Cada expresi\u00f3n art\u00edstica que veremos en FITUR cuenta una [&hellip;]<\/p>\n","protected":false},"author":4,"featured_media":2631,"comment_status":"open","ping_status":"open","sticky":false,"template":"","format":"standard","meta":{"_acf_changed":false,"_et_pb_use_builder":"off","_et_pb_old_content":"","_et_gb_content_width":"","inline_featured_image":false,"footnotes":""},"categories":[37],"tags":[],"acf":[],"_links":{"self":[{"href":"https:\/\/turismo.campeche.gob.mx\/index.php?rest_route=\/wp\/v2\/posts\/2630"}],"collection":[{"href":"https:\/\/turismo.campeche.gob.mx\/index.php?rest_route=\/wp\/v2\/posts"}],"about":[{"href":"https:\/\/turismo.campeche.gob.mx\/index.php?rest_route=\/wp\/v2\/types\/post"}],"author":[{"embeddable":true,"href":"https:\/\/turismo.campeche.gob.mx\/index.php?rest_route=\/wp\/v2\/users\/4"}],"replies":[{"embeddable":true,"href":"https:\/\/turismo.campeche.gob.mx\/index.php?rest_route=%2Fwp%2Fv2%2Fcomments&post=2630"}],"version-history":[{"count":1,"href":"https:\/\/turismo.campeche.gob.mx\/index.php?rest_route=\/wp\/v2\/posts\/2630\/revisions"}],"predecessor-version":[{"id":2632,"href":"https:\/\/turismo.campeche.gob.mx\/index.php?rest_route=\/wp\/v2\/posts\/2630\/revisions\/2632"}],"wp:featuredmedia":[{"embeddable":true,"href":"https:\/\/turismo.campeche.gob.mx\/index.php?rest_route=\/wp\/v2\/media\/2631"}],"wp:attachment":[{"href":"https:\/\/turismo.campeche.gob.mx\/index.php?rest_route=%2Fwp%2Fv2%2Fmedia&parent=2630"}],"wp:term":[{"taxonomy":"category","embeddable":true,"href":"https:\/\/turismo.campeche.gob.mx\/index.php?rest_route=%2Fwp%2Fv2%2Fcategories&post=2630"},{"taxonomy":"post_tag","embeddable":true,"href":"https:\/\/turismo.campeche.gob.mx\/index.php?rest_route=%2Fwp%2Fv2%2Ftags&post=2630"}],"curies":[{"name":"wp","href":"https:\/\/api.w.org\/{rel}","templated":true}]}}