{"id":2622,"date":"2026-01-17T10:53:23","date_gmt":"2026-01-17T16:53:23","guid":{"rendered":"https:\/\/turismo.campeche.gob.mx\/?p=2622"},"modified":"2026-01-19T10:55:08","modified_gmt":"2026-01-19T16:55:08","slug":"%f0%9d%90%8c%f0%9d%90%9e%f0%9d%90%a3%f0%9d%90%a8%f0%9d%90%ab%f0%9d%90%9a%f0%9d%90%a6%f0%9d%90%a8%f0%9d%90%ac-%f0%9d%90%a5%f0%9d%90%9a-%f0%9d%90%a2%f0%9d%90%a6%f0%9d%90%9a%f0%9d%90%a0%f0%9d%90%9e","status":"publish","type":"post","link":"https:\/\/turismo.campeche.gob.mx\/?p=2622","title":{"rendered":"\ud835\udc0c\ud835\udc1e\ud835\udc23\ud835\udc28\ud835\udc2b\ud835\udc1a\ud835\udc26\ud835\udc28\ud835\udc2c \ud835\udc25\ud835\udc1a \ud835\udc22\ud835\udc26\ud835\udc1a\ud835\udc20\ud835\udc1e\ud835\udc27 \ud835\udc2d\ud835\udc2e\ud835\udc2b\u00ed\ud835\udc2c\ud835\udc2d\ud835\udc22\ud835\udc1c\ud835\udc1a \ud835\udc1d\ud835\udc1e \ud835\udc02\ud835\udc1a\ud835\udc26\ud835\udc29\ud835\udc1e\ud835\udc1c\ud835\udc21\ud835\udc1e."},"content":{"rendered":"\n<p>La Secretar\u00eda de Turismo del Estado <a><\/a>realiz\u00f3 la \ud835\udc1e\ud835\udc27\ud835\udc2d\ud835\udc2b\ud835\udc1e\ud835\udc20\ud835\udc1a \ud835\udc1d\ud835\udc1e \ud835\udc1e\ud835\udc2a\ud835\udc2e\ud835\udc22\ud835\udc29\ud835\udc1a\ud835\udc26\ud835\udc22\ud835\udc1e\ud835\udc27\ud835\udc2d\ud835\udc28 a boleros, beneficiando a ocho trabajadores del Parque Principal, con el objetivo de dignificar su labor y fortalecer la imagen tur\u00edstica del Centro Hist\u00f3rico de San Francisco de Campeche.<\/p>\n\n\n\n<p>Acompa\u00f1aron a la secretaria de Turismo, \ud835\udc00\ud835\udc1d\ud835\udc1d\ud835\udc1a \ud835\udc12\ud835\udc28\ud835\udc25\u00ed\ud835\udc2c \ud835\udc0f\ud835\udc1e\ud835\udc27\ud835\udc22\ud835\udc1c\ud835\udc21\ud835\udc1e, el Ing. Walther Patr\u00f3n Bacab, titular de Comunicaci\u00f3n Social del Gobierno del Estado, y Rafael Castilla Azar, jefe de la Oficina de la Gobernadora.<\/p>\n\n\n\n<figure class=\"wp-block-image size-large\"><img loading=\"lazy\" decoding=\"async\" width=\"1024\" height=\"768\" src=\"https:\/\/turismo.campeche.gob.mx\/wp-content\/uploads\/616615672_1193763422908212_4788841358124898904_n-1024x768.jpg\" alt=\"\" class=\"wp-image-2623\" srcset=\"https:\/\/turismo.campeche.gob.mx\/wp-content\/uploads\/616615672_1193763422908212_4788841358124898904_n-1024x768.jpg 1024w, https:\/\/turismo.campeche.gob.mx\/wp-content\/uploads\/616615672_1193763422908212_4788841358124898904_n-980x735.jpg 980w, https:\/\/turismo.campeche.gob.mx\/wp-content\/uploads\/616615672_1193763422908212_4788841358124898904_n-480x360.jpg 480w\" sizes=\"(min-width: 0px) and (max-width: 480px) 480px, (min-width: 481px) and (max-width: 980px) 980px, (min-width: 981px) 1024px, 100vw\" \/><\/figure>\n","protected":false},"excerpt":{"rendered":"<p>La Secretar\u00eda de Turismo del Estado realiz\u00f3 la \ud835\udc1e\ud835\udc27\ud835\udc2d\ud835\udc2b\ud835\udc1e\ud835\udc20\ud835\udc1a \ud835\udc1d\ud835\udc1e \ud835\udc1e\ud835\udc2a\ud835\udc2e\ud835\udc22\ud835\udc29\ud835\udc1a\ud835\udc26\ud835\udc22\ud835\udc1e\ud835\udc27\ud835\udc2d\ud835\udc28 a boleros, beneficiando a ocho trabajadores del Parque Principal, con el objetivo de dignificar su labor y fortalecer la imagen tur\u00edstica del Centro Hist\u00f3rico de San Francisco de Campeche. Acompa\u00f1aron a la secretaria de Turismo, \ud835\udc00\ud835\udc1d\ud835\udc1d\ud835\udc1a \ud835\udc12\ud835\udc28\ud835\udc25\u00ed\ud835\udc2c \ud835\udc0f\ud835\udc1e\ud835\udc27\ud835\udc22\ud835\udc1c\ud835\udc21\ud835\udc1e, el Ing. Walther Patr\u00f3n Bacab, titular [&hellip;]<\/p>\n","protected":false},"author":4,"featured_media":2624,"comment_status":"open","ping_status":"open","sticky":false,"template":"","format":"standard","meta":{"_acf_changed":false,"_et_pb_use_builder":"off","_et_pb_old_content":"","_et_gb_content_width":"","inline_featured_image":false,"footnotes":""},"categories":[37],"tags":[],"acf":[],"_links":{"self":[{"href":"https:\/\/turismo.campeche.gob.mx\/index.php?rest_route=\/wp\/v2\/posts\/2622"}],"collection":[{"href":"https:\/\/turismo.campeche.gob.mx\/index.php?rest_route=\/wp\/v2\/posts"}],"about":[{"href":"https:\/\/turismo.campeche.gob.mx\/index.php?rest_route=\/wp\/v2\/types\/post"}],"author":[{"embeddable":true,"href":"https:\/\/turismo.campeche.gob.mx\/index.php?rest_route=\/wp\/v2\/users\/4"}],"replies":[{"embeddable":true,"href":"https:\/\/turismo.campeche.gob.mx\/index.php?rest_route=%2Fwp%2Fv2%2Fcomments&post=2622"}],"version-history":[{"count":1,"href":"https:\/\/turismo.campeche.gob.mx\/index.php?rest_route=\/wp\/v2\/posts\/2622\/revisions"}],"predecessor-version":[{"id":2625,"href":"https:\/\/turismo.campeche.gob.mx\/index.php?rest_route=\/wp\/v2\/posts\/2622\/revisions\/2625"}],"wp:featuredmedia":[{"embeddable":true,"href":"https:\/\/turismo.campeche.gob.mx\/index.php?rest_route=\/wp\/v2\/media\/2624"}],"wp:attachment":[{"href":"https:\/\/turismo.campeche.gob.mx\/index.php?rest_route=%2Fwp%2Fv2%2Fmedia&parent=2622"}],"wp:term":[{"taxonomy":"category","embeddable":true,"href":"https:\/\/turismo.campeche.gob.mx\/index.php?rest_route=%2Fwp%2Fv2%2Fcategories&post=2622"},{"taxonomy":"post_tag","embeddable":true,"href":"https:\/\/turismo.campeche.gob.mx\/index.php?rest_route=%2Fwp%2Fv2%2Ftags&post=2622"}],"curies":[{"name":"wp","href":"https:\/\/api.w.org\/{rel}","templated":true}]}}